{"id":1768,"date":"2014-07-05T00:57:38","date_gmt":"2014-07-05T00:57:38","guid":{"rendered":"http:\/\/www.abrima.com\/blog\/?p=1768"},"modified":"2014-07-05T00:57:38","modified_gmt":"2014-07-05T00:57:38","slug":"httpwww-fayerwayer-com201407musica-por-stream-ya-supera-las-descargas-de-discos-y-canciones","status":"publish","type":"post","link":"https:\/\/www.abrima.com\/blog\/httpwww-fayerwayer-com201407musica-por-stream-ya-supera-las-descargas-de-discos-y-canciones\/","title":{"rendered":"http:\/\/www.fayerwayer.com\/2014\/07\/musica-por-stream-ya-supera-a-las-descargas-de-discos-y-canciones\/"},"content":{"rendered":"<div class=\"entry-thumbnail\" style=\"color: #666666;\"><img loading=\"lazy\" class=\"attachment- wp-post-image\" src=\"http:\/\/cdn2.ticbeat.com\/wp-content\/uploads\/2014\/07\/centros-de-datos.jpg\" alt=\"centros-de-datos\" width=\"640\" height=\"330\" \/><\/div>\n<div class=\"entry-content\" style=\"color: #666666;\">\n<p>El centro de datos est\u00e1 cambiando a pasos agigantados en los \u00faltimos a\u00f1os con el auge de tecnolog\u00edas como la virtualizaci\u00f3n y el modelo de<em>cloud computing<\/em>. \u00bfC\u00f3mo ser\u00e1n estos entornos en un futuro pr\u00f3ximo? \u00bfCu\u00e1les son las principales tendencias al respecto? Sobre estos aspectos ahondaron diversos expertos de la industria en una\u00a0<span style=\"font-weight: bold;\">mesa redonda organizada el 3 de julio en el marco de uno de los foros tecnol\u00f3gicos que organiza Aslan<\/span>, dedicado en esta ocasi\u00f3n a la virtualizaci\u00f3n y a los centros de datos definidos por software.<\/p>\n<p>En el debate, moderado por Carlos Hergueta, director de Servicios de Red Hat, participaron Robert Assink, director general de Interxion, Bruno Bravo, director de Servicio al Cliente de Global Switch, Jos\u00e9 Antonio Arribas, director de Operaciones y cofundador de Gigas, y Pablo Serber, chief technologist IT services de Colt Technology. La conclusi\u00f3n a la que llegaron todos los participantes fue un\u00e1nime:\u00a0<span style=\"font-weight: bold;\">los centros de datos cada vez ser\u00e1n m\u00e1s grandes, estar\u00e1n m\u00e1s consolidados y ser\u00e1n m\u00e1s eficientes<\/span>. \u201cLa consolidaci\u00f3n de infraestructuras y tendencias como la virtualizaci\u00f3n y\u00a0<em>cloud<\/em>\u00a0llevar\u00e1 a que existan menos centros de datos pero que sean de mayor tama\u00f1o. Adem\u00e1s, los grandes proveedores de servicios en Internet como Google, Amazon e incluso Microsoft apostar\u00e1n por<em>megadatacenters<\/em>\u00a0en lugares con subvenciones o alejados de las ciudades y otros m\u00e1s peque\u00f1os en estas \u00faltimas\u201d, indic\u00f3 Assink.<\/p>\n<p>\u201cPoco a poco \u2013a\u00f1adi\u00f3 Serber\u2013, los centros de datos, sobre todo los p\u00fablicos, se ir\u00e1n consolidando.\u00a0<span style=\"font-weight: bold;\">La tecnolog\u00eda cada vez estar\u00e1 m\u00e1s centralizada y ser\u00e1 m\u00e1s transparente<\/span>. A partir de ahora la aplicaci\u00f3n es lo que importa y no al rev\u00e9s: es decir, se acabaron las soluciones que giran alrededor de los centros de datos, ahora \u00e9stos girar\u00e1n en torno a las aplicaciones, dotados adem\u00e1s de una capa de seguridad, compliance, etc.\u201d.<\/p>\n<p>Por su parte, Bravo, aunque se\u00f1al\u00f3 que el futuro de estos entornos pasa por \u201cun modelo de grandes\u00a0<em>data centers<\/em>\u00a0con un modelo de\u00a0<em>cloud<\/em>h\u00edbrido\u201d, apunt\u00f3 tambi\u00e9n que esto no significa que los centros de datos que hoy existen dejar\u00e1n de hacerlo en diez a\u00f1os. \u201cSeguir\u00e1n operando aunque su modelo de negocio cambiar\u00e1. Habr\u00e1 menos\u00a0<em>hosting<\/em>\u00a0y m\u00e1s\u00a0<em>colocation<\/em>, y en ello tambi\u00e9n tendr\u00e1 mucho que ver el impacto de la virtualizaci\u00f3n\u201d.<\/p>\n<p><a style=\"color: #000000;\" href=\"http:\/\/cdn1.ticbeat.com\/wp-content\/uploads\/2014\/07\/foto-mesa-centro-de-datos.jpg\"><img loading=\"lazy\" class=\"size-full wp-image-128216\" src=\"http:\/\/cdn1.ticbeat.com\/wp-content\/uploads\/2014\/07\/foto-mesa-centro-de-datos.jpg\" alt=\"Desde la izda. Robert Assink, director general de Interxion, Pablo Serber, chief technologist IT services de Colt Technology, Bruno Bravo, director de Servicio al Cliente de Global Switch, Jos\u00e9 Antonio Arribas, director de Operaciones y cofundador de Gigas, y Carlos Hergueta, director de Consultor\u00eda de Red Hat.\" width=\"640\" height=\"330\" \/><\/a><\/p>\n<h2 style=\"font-weight: 400;\">Del centro de datos f\u00edsico al virtual<\/h2>\n<p>Para Arribas, el centro de datos f\u00edsico tradicional se encaminar\u00e1 a otro basado en servicios. \u201cHabr\u00e1 asimismo una\u00a0<span style=\"font-weight: bold;\">consolidaci\u00f3n de los proveedores y una especializaci\u00f3n de las \u00e1reas en las que van a operar<\/span>, unos estar\u00e1n m\u00e1s centrados en infraestructura como servicio, otros en aplicaciones, etc.\u201d, a\u00f1adi\u00f3, se\u00f1alando que, a largo plazo, \u201c<span style=\"font-weight: bold;\">la mayor\u00eda de las empresas migrar\u00e1n soluciones\u00a0<em>in-house<\/em>\u00a0y atadas al \u2018hierro\u2019 a soluciones como servicio<\/span>\u00a0con las ventajas que \u00e9stas tienen de flexibilidad, consumo bajo demanda, etc.\u201d.<\/p>\n<h2 style=\"font-weight: 400;\">Impacto en el consumo energ\u00e9tico<\/h2>\n<p>Otro de los temas que se abord\u00f3 en el debate fue qu\u00e9\u00a0<span style=\"font-weight: bold;\">consecuencias tienen estas tendencias en la reducci\u00f3n del consumo energ\u00e9tico de los centros de datos y en la famosa \u2018huella de carbono\u2019<\/span>\u00a0que \u00e9stos producen. Para Bravo \u201cel que una empresa decida apostar por la virtualizaci\u00f3n supone que van a disminuir mucho sus recursos de TI, pero esto no significa que lo haga en la misma proporci\u00f3n la factura de la luz\u201d.<\/p>\n<p>No obstante, es evidente que\u00a0<span style=\"font-weight: bold;\">la tendencia a la consolidaci\u00f3n s\u00ed reducir\u00e1 el espacio que necesitan las empresas para instalar su centro de datos<\/span>. \u201cCon la virtualizaci\u00f3n este espacio disminuye en torno a un 20%\u201d, se\u00f1al\u00f3 el directivo de Global Switch.<\/p>\n<p>Serber, por su parte, afirm\u00f3 que la relevancia de la factura energ\u00e9tica es tal que \u201chay grandes empresas de internet que prefieren que sus centros de datos tengan m\u00e1s temperatura, lo que les obliga a reemplazar antes las CPU, que gastar m\u00e1s en refrigeraci\u00f3n de los equipos\u201d.<\/p>\n<p>Desde luego\u00a0<span style=\"font-weight: bold;\">el uso de la potencia energ\u00e9tica es, seg\u00fan Arribas, el caballo de batalla de los clientes<\/span>. \u201cEn el futuro \u00e9stos podr\u00e1n elegir que la soluci\u00f3n que contratan tenga m\u00e1s o menos coste seg\u00fan la potencia y capacidad de refrigeraci\u00f3n que \u00e9sta demande\u201d, indic\u00f3.<\/p>\n<p>En todo caso, lo que parece claro, como record\u00f3 Assink, es que \u201c<span style=\"font-weight: bold;\">consume menos energ\u00eda un gran centro de datos que muchos peque\u00f1os<\/span>. Solo hay que pensar qu\u00e9 contamina m\u00e1s si un autob\u00fas o muchos coches\u201d.<\/p>\n<h2 style=\"font-weight: 400;\">El reto de la conectividad<\/h2>\n<p>Con el auge de estos grandes centros de datos y del modelo\u00a0<em>cloud<\/em>\u00a0de servicios de TI la conectividad de dichos entornos cada vez gana m\u00e1s peso. \u201cLo bueno de los grandes centros de datos es que es m\u00e1s f\u00e1cil que est\u00e9n bien conectados, sobre todos los de car\u00e1cter neutral\u201d, apunt\u00f3 Assink. \u201cSiempre es mejor que sean grandes \u2013a\u00f1adi\u00f3 Server\u2013, por ejemplo, de cara a ubicarse en sitios estrat\u00e9gicos que permitan un menor consumo energ\u00e9tico como, por ejemplo, Islandia.<\/p>\n<p>Pero\u00a0<span style=\"font-weight: bold;\">\u00bfqui\u00e9n pagar\u00e1 dicha conectividad? Arribas lo tiene claro: el cliente que la requiera y lo har\u00e1 en funci\u00f3n de su demanda<\/span>, una demanda adaptada a las necesidades de su negocio\u201d.<\/p>\n<h2 style=\"font-weight: 400;\">Evoluci\u00f3n del rol del t\u00e9cnico de sistemas<\/h2>\n<p>\u00bfC\u00f3mo impactar\u00e1n todos los cambios que se est\u00e1n produciendo en el entorno de los centros de datos y las tendencias de\u00a0<em>cloud<\/em>\u00a0y la virtualizaci\u00f3n en los t\u00e9cnicos de este segmento? \u00bfQu\u00e9 ocurrir\u00e1 con \u00e9stos? \u201cSimplemente,\u00a0<span style=\"font-weight: bold;\">las personas ocupar\u00e1n un sitio m\u00e1s relevante que el tornillo y podr\u00e1n atender m\u00e1s al negocio que a la tecnolog\u00eda<\/span>\u201d, adelant\u00f3 Assink.<\/p>\n<p>Serber, por su parte, afirm\u00f3 que el miedo a que los robots reemplazaran a los humanos siempre ha estado ah\u00ed en los \u00faltimos a\u00f1os pero, en el fondo, lo que ha ocurrido es lo contrario: \u201cHacen mejores a las personas, elevan su conocimiento, y, adem\u00e1s, posibilitan que se creen m\u00e1s puestos de trabajo\u201d. Por otro lado, indic\u00f3 que\u00a0<span style=\"font-weight: bold;\">es preciso \u201cquebrar la barrera cultural que existe en las empresas de poseer los equipos<\/span>\u201d.<\/p>\n<p>En esta l\u00ednea, Arribas incidi\u00f3 en que el cambio de mentalidad es la clave del nuevo escenario. \u201cEn todo caso \u2013a\u00f1adi\u00f3\u2013,\u00a0<span style=\"font-weight: bold;\">el t\u00e9cnico sigue siendo indispensable<\/span>. Aunque una empresa, en un modelo de\u00a0<em>cloud hosting<\/em>, puede aprovisionar la m\u00e1quina lo cierto es que necesita a un t\u00e9cnico que gestione la infraestructura, el software\u2026 El t\u00e9cnico, eso s\u00ed, pasar\u00e1 a ser una herramienta para las unidades de negocio, acometer\u00e1 un rol que se ajustar\u00e1 mucho m\u00e1s a los requerimientos de estas \u00faltimas\u201d.<\/p>\n<p>Adem\u00e1s, no hay que olvidar que, como recalc\u00f3 Bravo, \u201cel 80% de los fallos que se producen en un centro de datos son errores humanos, de modo que automatizar estos entornos no es negativo. Lo que s\u00ed hay que hacer es seguir formando al t\u00e9cnico de las instalaciones de centros de datos para que desempe\u00f1e mejor su labor\u201d.<\/p>\n<h2 style=\"font-weight: 400;\">Un sector en auge, aun en plena crisis<\/h2>\n<p>A pesar de la complicada situaci\u00f3n econ\u00f3mica de los \u00faltimos a\u00f1os y que ha lastrado muchas inversiones tecnol\u00f3gicas, como recalc\u00f3 Assink, la demanda de los centros de datos no ha parado de crecer en los \u00faltimos a\u00f1os al calor del auge de tecnolog\u00edas que demandan una gran capacidad de proceso y de an\u00e1lisis de informaci\u00f3n como\u00a0<em>big data<\/em>\u00a0y el internet de las cosas. \u201cEl sector de los centros de datos ha crecido en torno al 20% o m\u00e1s desde 2005 hasta el a\u00f1o 2000 y desde entonces ha seguido creciendo algo menos, pero con un porcentaje tambi\u00e9n alto, del 11-12%\u201d. Toda una muestra de que este segmento es cada vez m\u00e1s necesario para que las organizaciones sean tan competitivas como exige un mercado cada vez m\u00e1s complejo.<\/p>\n<p>Fuente: <a href=\"http:\/\/cloud.ticbeat.com\/asi-sera-centro-de-datos-futuro\/\">Ticbeat<\/a><\/p>\n<\/div>\n","protected":false},"excerpt":{"rendered":"<p>El centro de datos est\u00e1 cambiando a pasos agigantados en los \u00faltimos a\u00f1os con el auge de tecnolog\u00edas como la virtualizaci\u00f3n y el modelo decloud [&hellip;]<\/p>\n","protected":false},"author":1,"featured_media":0,"comment_status":"open","ping_status":"open","sticky":false,"template":"","format":"standard","meta":{"_monsterinsights_skip_tracking":false,"_monsterinsights_sitenote_active":false,"_monsterinsights_sitenote_note":"","_monsterinsights_sitenote_category":0},"categories":[14],"tags":[],"yoast_head":"<!-- This site is optimized with the Yoast SEO plugin v19.1 - https:\/\/yoast.com\/wordpress\/plugins\/seo\/ -->\n<title>http:\/\/www.fayerwayer.com\/2014\/07\/musica-por-stream-ya-supera-a-las-descargas-de-discos-y-canciones\/ - Blog de Tecnolog\u00eda - Abrima<\/title>\n<meta name=\"robots\" content=\"index, follow, max-snippet:-1, max-image-preview:large, max-video-preview:-1\" \/>\n<link rel=\"canonical\" href=\"https:\/\/www.abrima.com\/blog\/httpwww-fayerwayer-com201407musica-por-stream-ya-supera-las-descargas-de-discos-y-canciones\/\" \/>\n<meta property=\"og:locale\" content=\"es_ES\" \/>\n<meta property=\"og:type\" content=\"article\" \/>\n<meta property=\"og:title\" content=\"http:\/\/www.fayerwayer.com\/2014\/07\/musica-por-stream-ya-supera-a-las-descargas-de-discos-y-canciones\/ - Blog de Tecnolog\u00eda - Abrima\" \/>\n<meta property=\"og:description\" content=\"El centro de datos est\u00e1 cambiando a pasos agigantados en los \u00faltimos a\u00f1os con el auge de tecnolog\u00edas como la virtualizaci\u00f3n y el modelo decloud [&hellip;]\" \/>\n<meta property=\"og:url\" content=\"https:\/\/www.abrima.com\/blog\/httpwww-fayerwayer-com201407musica-por-stream-ya-supera-las-descargas-de-discos-y-canciones\/\" \/>\n<meta property=\"og:site_name\" content=\"Blog de Tecnolog\u00eda - Abrima\" \/>\n<meta property=\"article:publisher\" content=\"https:\/\/www.facebook.com\/abrimawebs\/\" \/>\n<meta property=\"article:published_time\" content=\"2014-07-05T00:57:38+00:00\" \/>\n<meta property=\"og:image\" content=\"http:\/\/cdn2.ticbeat.com\/wp-content\/uploads\/2014\/07\/centros-de-datos.jpg\" \/>\n<meta name=\"twitter:label1\" content=\"Escrito por\" \/>\n\t<meta name=\"twitter:data1\" content=\"Abrima\" \/>\n\t<meta name=\"twitter:label2\" content=\"Tiempo de lectura\" \/>\n\t<meta name=\"twitter:data2\" content=\"7 minutos\" \/>\n<script type=\"application\/ld+json\" class=\"yoast-schema-graph\">{\"@context\":\"https:\/\/schema.org\",\"@graph\":[{\"@type\":\"Organization\",\"@id\":\"https:\/\/www.abrima.com\/blog\/#organization\",\"name\":\"Abrima\",\"url\":\"https:\/\/www.abrima.com\/blog\/\",\"sameAs\":[\"https:\/\/www.linkedin.com\/company\/abrima-soluciones-web\/\",\"https:\/\/www.youtube.com\/user\/abrimawebs\",\"https:\/\/www.facebook.com\/abrimawebs\/\",\"https:\/\/twitter.com\/abrimaweb\"],\"logo\":{\"@type\":\"ImageObject\",\"inLanguage\":\"es\",\"@id\":\"https:\/\/www.abrima.com\/blog\/#\/schema\/logo\/image\/\",\"url\":\"https:\/\/www.abrima.com\/blog\/wp-content\/uploads\/2018\/03\/abrima-logo.png\",\"contentUrl\":\"https:\/\/www.abrima.com\/blog\/wp-content\/uploads\/2018\/03\/abrima-logo.png\",\"width\":700,\"height\":700,\"caption\":\"Abrima\"},\"image\":{\"@id\":\"https:\/\/www.abrima.com\/blog\/#\/schema\/logo\/image\/\"}},{\"@type\":\"WebSite\",\"@id\":\"https:\/\/www.abrima.com\/blog\/#website\",\"url\":\"https:\/\/www.abrima.com\/blog\/\",\"name\":\"Blog de Tecnolog\u00eda - Abrima\",\"description\":\"Blog sobre todo lo relacionado con Cloud, Marketing Digital y Web\",\"publisher\":{\"@id\":\"https:\/\/www.abrima.com\/blog\/#organization\"},\"potentialAction\":[{\"@type\":\"SearchAction\",\"target\":{\"@type\":\"EntryPoint\",\"urlTemplate\":\"https:\/\/www.abrima.com\/blog\/?s={search_term_string}\"},\"query-input\":\"required name=search_term_string\"}],\"inLanguage\":\"es\"},{\"@type\":\"ImageObject\",\"inLanguage\":\"es\",\"@id\":\"https:\/\/www.abrima.com\/blog\/httpwww-fayerwayer-com201407musica-por-stream-ya-supera-las-descargas-de-discos-y-canciones\/#primaryimage\",\"url\":\"http:\/\/cdn2.ticbeat.com\/wp-content\/uploads\/2014\/07\/centros-de-datos.jpg\",\"contentUrl\":\"http:\/\/cdn2.ticbeat.com\/wp-content\/uploads\/2014\/07\/centros-de-datos.jpg\"},{\"@type\":\"WebPage\",\"@id\":\"https:\/\/www.abrima.com\/blog\/httpwww-fayerwayer-com201407musica-por-stream-ya-supera-las-descargas-de-discos-y-canciones\/#webpage\",\"url\":\"https:\/\/www.abrima.com\/blog\/httpwww-fayerwayer-com201407musica-por-stream-ya-supera-las-descargas-de-discos-y-canciones\/\",\"name\":\"http:\/\/www.fayerwayer.com\/2014\/07\/musica-por-stream-ya-supera-a-las-descargas-de-discos-y-canciones\/ - Blog de Tecnolog\u00eda - Abrima\",\"isPartOf\":{\"@id\":\"https:\/\/www.abrima.com\/blog\/#website\"},\"primaryImageOfPage\":{\"@id\":\"https:\/\/www.abrima.com\/blog\/httpwww-fayerwayer-com201407musica-por-stream-ya-supera-las-descargas-de-discos-y-canciones\/#primaryimage\"},\"datePublished\":\"2014-07-05T00:57:38+00:00\",\"dateModified\":\"2014-07-05T00:57:38+00:00\",\"breadcrumb\":{\"@id\":\"https:\/\/www.abrima.com\/blog\/httpwww-fayerwayer-com201407musica-por-stream-ya-supera-las-descargas-de-discos-y-canciones\/#breadcrumb\"},\"inLanguage\":\"es\",\"potentialAction\":[{\"@type\":\"ReadAction\",\"target\":[\"https:\/\/www.abrima.com\/blog\/httpwww-fayerwayer-com201407musica-por-stream-ya-supera-las-descargas-de-discos-y-canciones\/\"]}]},{\"@type\":\"BreadcrumbList\",\"@id\":\"https:\/\/www.abrima.com\/blog\/httpwww-fayerwayer-com201407musica-por-stream-ya-supera-las-descargas-de-discos-y-canciones\/#breadcrumb\",\"itemListElement\":[{\"@type\":\"ListItem\",\"position\":1,\"name\":\"Portada\",\"item\":\"https:\/\/www.abrima.com\/blog\/\"},{\"@type\":\"ListItem\",\"position\":2,\"name\":\"http:\/\/www.fayerwayer.com\/2014\/07\/musica-por-stream-ya-supera-a-las-descargas-de-discos-y-canciones\/\"}]},{\"@type\":\"Article\",\"@id\":\"https:\/\/www.abrima.com\/blog\/httpwww-fayerwayer-com201407musica-por-stream-ya-supera-las-descargas-de-discos-y-canciones\/#article\",\"isPartOf\":{\"@id\":\"https:\/\/www.abrima.com\/blog\/httpwww-fayerwayer-com201407musica-por-stream-ya-supera-las-descargas-de-discos-y-canciones\/#webpage\"},\"author\":{\"@id\":\"https:\/\/www.abrima.com\/blog\/#\/schema\/person\/b768d5411164cb8b8d58f72cdf4e11e8\"},\"headline\":\"http:\/\/www.fayerwayer.com\/2014\/07\/musica-por-stream-ya-supera-a-las-descargas-de-discos-y-canciones\/\",\"datePublished\":\"2014-07-05T00:57:38+00:00\",\"dateModified\":\"2014-07-05T00:57:38+00:00\",\"mainEntityOfPage\":{\"@id\":\"https:\/\/www.abrima.com\/blog\/httpwww-fayerwayer-com201407musica-por-stream-ya-supera-las-descargas-de-discos-y-canciones\/#webpage\"},\"wordCount\":1356,\"commentCount\":0,\"publisher\":{\"@id\":\"https:\/\/www.abrima.com\/blog\/#organization\"},\"image\":{\"@id\":\"https:\/\/www.abrima.com\/blog\/httpwww-fayerwayer-com201407musica-por-stream-ya-supera-las-descargas-de-discos-y-canciones\/#primaryimage\"},\"thumbnailUrl\":\"http:\/\/cdn2.ticbeat.com\/wp-content\/uploads\/2014\/07\/centros-de-datos.jpg\",\"articleSection\":[\"Internet\"],\"inLanguage\":\"es\",\"potentialAction\":[{\"@type\":\"CommentAction\",\"name\":\"Comment\",\"target\":[\"https:\/\/www.abrima.com\/blog\/httpwww-fayerwayer-com201407musica-por-stream-ya-supera-las-descargas-de-discos-y-canciones\/#respond\"]}]},{\"@type\":\"Person\",\"@id\":\"https:\/\/www.abrima.com\/blog\/#\/schema\/person\/b768d5411164cb8b8d58f72cdf4e11e8\",\"name\":\"Abrima\",\"image\":{\"@type\":\"ImageObject\",\"inLanguage\":\"es\",\"@id\":\"https:\/\/www.abrima.com\/blog\/#\/schema\/person\/image\/\",\"url\":\"https:\/\/secure.gravatar.com\/avatar\/5cc72c9c6b371583c943a070dff20409?s=96&d=mm&r=g\",\"contentUrl\":\"https:\/\/secure.gravatar.com\/avatar\/5cc72c9c6b371583c943a070dff20409?s=96&d=mm&r=g\",\"caption\":\"Abrima\"},\"url\":\"https:\/\/www.abrima.com\/blog\/author\/abrima\/\"}]}<\/script>\n<!-- \/ Yoast SEO plugin. -->","yoast_head_json":{"title":"http:\/\/www.fayerwayer.com\/2014\/07\/musica-por-stream-ya-supera-a-las-descargas-de-discos-y-canciones\/ - Blog de Tecnolog\u00eda - Abrima","robots":{"index":"index","follow":"follow","max-snippet":"max-snippet:-1","max-image-preview":"max-image-preview:large","max-video-preview":"max-video-preview:-1"},"canonical":"https:\/\/www.abrima.com\/blog\/httpwww-fayerwayer-com201407musica-por-stream-ya-supera-las-descargas-de-discos-y-canciones\/","og_locale":"es_ES","og_type":"article","og_title":"http:\/\/www.fayerwayer.com\/2014\/07\/musica-por-stream-ya-supera-a-las-descargas-de-discos-y-canciones\/ - Blog de Tecnolog\u00eda - Abrima","og_description":"El centro de datos est\u00e1 cambiando a pasos agigantados en los \u00faltimos a\u00f1os con el auge de tecnolog\u00edas como la virtualizaci\u00f3n y el modelo decloud [&hellip;]","og_url":"https:\/\/www.abrima.com\/blog\/httpwww-fayerwayer-com201407musica-por-stream-ya-supera-las-descargas-de-discos-y-canciones\/","og_site_name":"Blog de Tecnolog\u00eda - Abrima","article_publisher":"https:\/\/www.facebook.com\/abrimawebs\/","article_published_time":"2014-07-05T00:57:38+00:00","og_image":[{"url":"http:\/\/cdn2.ticbeat.com\/wp-content\/uploads\/2014\/07\/centros-de-datos.jpg"}],"twitter_misc":{"Escrito por":"Abrima","Tiempo de lectura":"7 minutos"},"schema":{"@context":"https:\/\/schema.org","@graph":[{"@type":"Organization","@id":"https:\/\/www.abrima.com\/blog\/#organization","name":"Abrima","url":"https:\/\/www.abrima.com\/blog\/","sameAs":["https:\/\/www.linkedin.com\/company\/abrima-soluciones-web\/","https:\/\/www.youtube.com\/user\/abrimawebs","https:\/\/www.facebook.com\/abrimawebs\/","https:\/\/twitter.com\/abrimaweb"],"logo":{"@type":"ImageObject","inLanguage":"es","@id":"https:\/\/www.abrima.com\/blog\/#\/schema\/logo\/image\/","url":"https:\/\/www.abrima.com\/blog\/wp-content\/uploads\/2018\/03\/abrima-logo.png","contentUrl":"https:\/\/www.abrima.com\/blog\/wp-content\/uploads\/2018\/03\/abrima-logo.png","width":700,"height":700,"caption":"Abrima"},"image":{"@id":"https:\/\/www.abrima.com\/blog\/#\/schema\/logo\/image\/"}},{"@type":"WebSite","@id":"https:\/\/www.abrima.com\/blog\/#website","url":"https:\/\/www.abrima.com\/blog\/","name":"Blog de Tecnolog\u00eda - Abrima","description":"Blog sobre todo lo relacionado con Cloud, Marketing Digital y Web","publisher":{"@id":"https:\/\/www.abrima.com\/blog\/#organization"},"potentialAction":[{"@type":"SearchAction","target":{"@type":"EntryPoint","urlTemplate":"https:\/\/www.abrima.com\/blog\/?s={search_term_string}"},"query-input":"required name=search_term_string"}],"inLanguage":"es"},{"@type":"ImageObject","inLanguage":"es","@id":"https:\/\/www.abrima.com\/blog\/httpwww-fayerwayer-com201407musica-por-stream-ya-supera-las-descargas-de-discos-y-canciones\/#primaryimage","url":"http:\/\/cdn2.ticbeat.com\/wp-content\/uploads\/2014\/07\/centros-de-datos.jpg","contentUrl":"http:\/\/cdn2.ticbeat.com\/wp-content\/uploads\/2014\/07\/centros-de-datos.jpg"},{"@type":"WebPage","@id":"https:\/\/www.abrima.com\/blog\/httpwww-fayerwayer-com201407musica-por-stream-ya-supera-las-descargas-de-discos-y-canciones\/#webpage","url":"https:\/\/www.abrima.com\/blog\/httpwww-fayerwayer-com201407musica-por-stream-ya-supera-las-descargas-de-discos-y-canciones\/","name":"http:\/\/www.fayerwayer.com\/2014\/07\/musica-por-stream-ya-supera-a-las-descargas-de-discos-y-canciones\/ - Blog de Tecnolog\u00eda - Abrima","isPartOf":{"@id":"https:\/\/www.abrima.com\/blog\/#website"},"primaryImageOfPage":{"@id":"https:\/\/www.abrima.com\/blog\/httpwww-fayerwayer-com201407musica-por-stream-ya-supera-las-descargas-de-discos-y-canciones\/#primaryimage"},"datePublished":"2014-07-05T00:57:38+00:00","dateModified":"2014-07-05T00:57:38+00:00","breadcrumb":{"@id":"https:\/\/www.abrima.com\/blog\/httpwww-fayerwayer-com201407musica-por-stream-ya-supera-las-descargas-de-discos-y-canciones\/#breadcrumb"},"inLanguage":"es","potentialAction":[{"@type":"ReadAction","target":["https:\/\/www.abrima.com\/blog\/httpwww-fayerwayer-com201407musica-por-stream-ya-supera-las-descargas-de-discos-y-canciones\/"]}]},{"@type":"BreadcrumbList","@id":"https:\/\/www.abrima.com\/blog\/httpwww-fayerwayer-com201407musica-por-stream-ya-supera-las-descargas-de-discos-y-canciones\/#breadcrumb","itemListElement":[{"@type":"ListItem","position":1,"name":"Portada","item":"https:\/\/www.abrima.com\/blog\/"},{"@type":"ListItem","position":2,"name":"http:\/\/www.fayerwayer.com\/2014\/07\/musica-por-stream-ya-supera-a-las-descargas-de-discos-y-canciones\/"}]},{"@type":"Article","@id":"https:\/\/www.abrima.com\/blog\/httpwww-fayerwayer-com201407musica-por-stream-ya-supera-las-descargas-de-discos-y-canciones\/#article","isPartOf":{"@id":"https:\/\/www.abrima.com\/blog\/httpwww-fayerwayer-com201407musica-por-stream-ya-supera-las-descargas-de-discos-y-canciones\/#webpage"},"author":{"@id":"https:\/\/www.abrima.com\/blog\/#\/schema\/person\/b768d5411164cb8b8d58f72cdf4e11e8"},"headline":"http:\/\/www.fayerwayer.com\/2014\/07\/musica-por-stream-ya-supera-a-las-descargas-de-discos-y-canciones\/","datePublished":"2014-07-05T00:57:38+00:00","dateModified":"2014-07-05T00:57:38+00:00","mainEntityOfPage":{"@id":"https:\/\/www.abrima.com\/blog\/httpwww-fayerwayer-com201407musica-por-stream-ya-supera-las-descargas-de-discos-y-canciones\/#webpage"},"wordCount":1356,"commentCount":0,"publisher":{"@id":"https:\/\/www.abrima.com\/blog\/#organization"},"image":{"@id":"https:\/\/www.abrima.com\/blog\/httpwww-fayerwayer-com201407musica-por-stream-ya-supera-las-descargas-de-discos-y-canciones\/#primaryimage"},"thumbnailUrl":"http:\/\/cdn2.ticbeat.com\/wp-content\/uploads\/2014\/07\/centros-de-datos.jpg","articleSection":["Internet"],"inLanguage":"es","potentialAction":[{"@type":"CommentAction","name":"Comment","target":["https:\/\/www.abrima.com\/blog\/httpwww-fayerwayer-com201407musica-por-stream-ya-supera-las-descargas-de-discos-y-canciones\/#respond"]}]},{"@type":"Person","@id":"https:\/\/www.abrima.com\/blog\/#\/schema\/person\/b768d5411164cb8b8d58f72cdf4e11e8","name":"Abrima","image":{"@type":"ImageObject","inLanguage":"es","@id":"https:\/\/www.abrima.com\/blog\/#\/schema\/person\/image\/","url":"https:\/\/secure.gravatar.com\/avatar\/5cc72c9c6b371583c943a070dff20409?s=96&d=mm&r=g","contentUrl":"https:\/\/secure.gravatar.com\/avatar\/5cc72c9c6b371583c943a070dff20409?s=96&d=mm&r=g","caption":"Abrima"},"url":"https:\/\/www.abrima.com\/blog\/author\/abrima\/"}]}},"amp_enabled":true,"_links":{"self":[{"href":"https:\/\/www.abrima.com\/blog\/wp-json\/wp\/v2\/posts\/1768"}],"collection":[{"href":"https:\/\/www.abrima.com\/blog\/wp-json\/wp\/v2\/posts"}],"about":[{"href":"https:\/\/www.abrima.com\/blog\/wp-json\/wp\/v2\/types\/post"}],"author":[{"embeddable":true,"href":"https:\/\/www.abrima.com\/blog\/wp-json\/wp\/v2\/users\/1"}],"replies":[{"embeddable":true,"href":"https:\/\/www.abrima.com\/blog\/wp-json\/wp\/v2\/comments?post=1768"}],"version-history":[{"count":1,"href":"https:\/\/www.abrima.com\/blog\/wp-json\/wp\/v2\/posts\/1768\/revisions"}],"predecessor-version":[{"id":1769,"href":"https:\/\/www.abrima.com\/blog\/wp-json\/wp\/v2\/posts\/1768\/revisions\/1769"}],"wp:attachment":[{"href":"https:\/\/www.abrima.com\/blog\/wp-json\/wp\/v2\/media?parent=1768"}],"wp:term":[{"taxonomy":"category","embeddable":true,"href":"https:\/\/www.abrima.com\/blog\/wp-json\/wp\/v2\/categories?post=1768"},{"taxonomy":"post_tag","embeddable":true,"href":"https:\/\/www.abrima.com\/blog\/wp-json\/wp\/v2\/tags?post=1768"}],"curies":[{"name":"wp","href":"https:\/\/api.w.org\/{rel}","templated":true}]}}