{"id":1729,"date":"2014-06-24T18:38:28","date_gmt":"2014-06-24T18:38:28","guid":{"rendered":"http:\/\/www.abrima.com\/blog\/?p=1729"},"modified":"2014-06-24T18:38:28","modified_gmt":"2014-06-24T18:38:28","slug":"nuevo-proyecto-realizado-la-protectora-salud","status":"publish","type":"post","link":"https:\/\/www.abrima.com\/blog\/nuevo-proyecto-realizado-la-protectora-salud\/","title":{"rendered":"Nuevo proyecto realizado: LA PROTECTORA SALUD"},"content":{"rendered":"<p><strong>LA PROTECTORA SALUD<\/strong><br \/>\n<a href=\"http:\/\/www.laprotectorasalud.com.pe\"><strong>http:\/\/www.laprotectorasalud.com.pe<\/strong><\/a><\/p>\n<p><a href=\"http:\/\/www.laprotectorasalud.com.pe\"><img loading=\"lazy\" class=\"aligncenter size-full wp-image-1730\" src=\"http:\/\/www.abrima.com\/blog\/wp-content\/uploads\/2014\/06\/poner.jpg\" alt=\"poner\" width=\"877\" height=\"473\" srcset=\"https:\/\/www.abrima.com\/blog\/wp-content\/uploads\/2014\/06\/poner.jpg 877w, https:\/\/www.abrima.com\/blog\/wp-content\/uploads\/2014\/06\/poner-300x161.jpg 300w\" sizes=\"(max-width: 877px) 100vw, 877px\" \/><\/a><\/p>\n<p>Empresa especializada en el Sector Salud, parte de un grupo empresarial que conforma los diversos Sistemas Privados de Salud en el Per\u00fa, con m\u00e1s de 30 a\u00f1os de vigencia en el mercado ofreciendo servicios de dise\u00f1o, implementaci\u00f3n y operaci\u00f3n de planes y servicios de salud a nivel nacional.<\/p>\n<p>Tecnolog\u00edas usadas: HTML5, CSS3, jQuery, PHP y Google Maps.<\/p>\n","protected":false},"excerpt":{"rendered":"<p>LA PROTECTORA SALUD http:\/\/www.laprotectorasalud.com.pe Empresa especializada en el Sector Salud, parte de un grupo empresarial que conforma los diversos Sistemas Privados de Salud en el [&hellip;]<\/p>\n","protected":false},"author":1,"featured_media":0,"comment_status":"open","ping_status":"open","sticky":false,"template":"","format":"standard","meta":{"_monsterinsights_skip_tracking":false,"_monsterinsights_sitenote_active":false,"_monsterinsights_sitenote_note":"","_monsterinsights_sitenote_category":0},"categories":[2],"tags":[],"yoast_head":"<!-- This site is optimized with the Yoast SEO plugin v19.1 - https:\/\/yoast.com\/wordpress\/plugins\/seo\/ -->\n<title>Nuevo proyecto realizado: LA PROTECTORA SALUD - Blog de Tecnolog\u00eda - Abrima<\/title>\n<meta name=\"robots\" content=\"index, follow, max-snippet:-1, max-image-preview:large, max-video-preview:-1\" \/>\n<link rel=\"canonical\" href=\"https:\/\/www.abrima.com\/blog\/nuevo-proyecto-realizado-la-protectora-salud\/\" \/>\n<meta property=\"og:locale\" content=\"es_ES\" \/>\n<meta property=\"og:type\" content=\"article\" \/>\n<meta property=\"og:title\" content=\"Nuevo proyecto realizado: LA PROTECTORA SALUD - Blog de Tecnolog\u00eda - Abrima\" \/>\n<meta property=\"og:description\" content=\"LA PROTECTORA SALUD http:\/\/www.laprotectorasalud.com.pe Empresa especializada en el Sector Salud, parte de un grupo empresarial que conforma los diversos Sistemas Privados de Salud en el [&hellip;]\" \/>\n<meta property=\"og:url\" content=\"https:\/\/www.abrima.com\/blog\/nuevo-proyecto-realizado-la-protectora-salud\/\" \/>\n<meta property=\"og:site_name\" content=\"Blog de Tecnolog\u00eda - Abrima\" \/>\n<meta property=\"article:publisher\" content=\"https:\/\/www.facebook.com\/abrimawebs\/\" \/>\n<meta property=\"article:published_time\" content=\"2014-06-24T18:38:28+00:00\" \/>\n<meta property=\"og:image\" content=\"http:\/\/www.abrima.com\/blog\/wp-content\/uploads\/2014\/06\/poner.jpg\" \/>\n<meta name=\"twitter:label1\" content=\"Escrito por\" \/>\n\t<meta name=\"twitter:data1\" content=\"Abrima\" \/>\n<script type=\"application\/ld+json\" class=\"yoast-schema-graph\">{\"@context\":\"https:\/\/schema.org\",\"@graph\":[{\"@type\":\"Organization\",\"@id\":\"https:\/\/www.abrima.com\/blog\/#organization\",\"name\":\"Abrima\",\"url\":\"https:\/\/www.abrima.com\/blog\/\",\"sameAs\":[\"https:\/\/www.linkedin.com\/company\/abrima-soluciones-web\/\",\"https:\/\/www.youtube.com\/user\/abrimawebs\",\"https:\/\/www.facebook.com\/abrimawebs\/\",\"https:\/\/twitter.com\/abrimaweb\"],\"logo\":{\"@type\":\"ImageObject\",\"inLanguage\":\"es\",\"@id\":\"https:\/\/www.abrima.com\/blog\/#\/schema\/logo\/image\/\",\"url\":\"https:\/\/www.abrima.com\/blog\/wp-content\/uploads\/2018\/03\/abrima-logo.png\",\"contentUrl\":\"https:\/\/www.abrima.com\/blog\/wp-content\/uploads\/2018\/03\/abrima-logo.png\",\"width\":700,\"height\":700,\"caption\":\"Abrima\"},\"image\":{\"@id\":\"https:\/\/www.abrima.com\/blog\/#\/schema\/logo\/image\/\"}},{\"@type\":\"WebSite\",\"@id\":\"https:\/\/www.abrima.com\/blog\/#website\",\"url\":\"https:\/\/www.abrima.com\/blog\/\",\"name\":\"Blog de Tecnolog\u00eda - Abrima\",\"description\":\"Blog sobre todo lo relacionado con Cloud, Marketing Digital y Web\",\"publisher\":{\"@id\":\"https:\/\/www.abrima.com\/blog\/#organization\"},\"potentialAction\":[{\"@type\":\"SearchAction\",\"target\":{\"@type\":\"EntryPoint\",\"urlTemplate\":\"https:\/\/www.abrima.com\/blog\/?s={search_term_string}\"},\"query-input\":\"required name=search_term_string\"}],\"inLanguage\":\"es\"},{\"@type\":\"ImageObject\",\"inLanguage\":\"es\",\"@id\":\"https:\/\/www.abrima.com\/blog\/nuevo-proyecto-realizado-la-protectora-salud\/#primaryimage\",\"url\":\"http:\/\/www.abrima.com\/blog\/wp-content\/uploads\/2014\/06\/poner.jpg\",\"contentUrl\":\"http:\/\/www.abrima.com\/blog\/wp-content\/uploads\/2014\/06\/poner.jpg\"},{\"@type\":\"WebPage\",\"@id\":\"https:\/\/www.abrima.com\/blog\/nuevo-proyecto-realizado-la-protectora-salud\/#webpage\",\"url\":\"https:\/\/www.abrima.com\/blog\/nuevo-proyecto-realizado-la-protectora-salud\/\",\"name\":\"Nuevo proyecto realizado: LA PROTECTORA SALUD - Blog de Tecnolog\u00eda - Abrima\",\"isPartOf\":{\"@id\":\"https:\/\/www.abrima.com\/blog\/#website\"},\"primaryImageOfPage\":{\"@id\":\"https:\/\/www.abrima.com\/blog\/nuevo-proyecto-realizado-la-protectora-salud\/#primaryimage\"},\"datePublished\":\"2014-06-24T18:38:28+00:00\",\"dateModified\":\"2014-06-24T18:38:28+00:00\",\"breadcrumb\":{\"@id\":\"https:\/\/www.abrima.com\/blog\/nuevo-proyecto-realizado-la-protectora-salud\/#breadcrumb\"},\"inLanguage\":\"es\",\"potentialAction\":[{\"@type\":\"ReadAction\",\"target\":[\"https:\/\/www.abrima.com\/blog\/nuevo-proyecto-realizado-la-protectora-salud\/\"]}]},{\"@type\":\"BreadcrumbList\",\"@id\":\"https:\/\/www.abrima.com\/blog\/nuevo-proyecto-realizado-la-protectora-salud\/#breadcrumb\",\"itemListElement\":[{\"@type\":\"ListItem\",\"position\":1,\"name\":\"Portada\",\"item\":\"https:\/\/www.abrima.com\/blog\/\"},{\"@type\":\"ListItem\",\"position\":2,\"name\":\"Nuevo proyecto realizado: LA PROTECTORA SALUD\"}]},{\"@type\":\"Article\",\"@id\":\"https:\/\/www.abrima.com\/blog\/nuevo-proyecto-realizado-la-protectora-salud\/#article\",\"isPartOf\":{\"@id\":\"https:\/\/www.abrima.com\/blog\/nuevo-proyecto-realizado-la-protectora-salud\/#webpage\"},\"author\":{\"@id\":\"https:\/\/www.abrima.com\/blog\/#\/schema\/person\/b768d5411164cb8b8d58f72cdf4e11e8\"},\"headline\":\"Nuevo proyecto realizado: LA PROTECTORA SALUD\",\"datePublished\":\"2014-06-24T18:38:28+00:00\",\"dateModified\":\"2014-06-24T18:38:28+00:00\",\"mainEntityOfPage\":{\"@id\":\"https:\/\/www.abrima.com\/blog\/nuevo-proyecto-realizado-la-protectora-salud\/#webpage\"},\"wordCount\":76,\"commentCount\":0,\"publisher\":{\"@id\":\"https:\/\/www.abrima.com\/blog\/#organization\"},\"image\":{\"@id\":\"https:\/\/www.abrima.com\/blog\/nuevo-proyecto-realizado-la-protectora-salud\/#primaryimage\"},\"thumbnailUrl\":\"http:\/\/www.abrima.com\/blog\/wp-content\/uploads\/2014\/06\/poner.jpg\",\"articleSection\":[\"ABRIMA\"],\"inLanguage\":\"es\",\"potentialAction\":[{\"@type\":\"CommentAction\",\"name\":\"Comment\",\"target\":[\"https:\/\/www.abrima.com\/blog\/nuevo-proyecto-realizado-la-protectora-salud\/#respond\"]}]},{\"@type\":\"Person\",\"@id\":\"https:\/\/www.abrima.com\/blog\/#\/schema\/person\/b768d5411164cb8b8d58f72cdf4e11e8\",\"name\":\"Abrima\",\"image\":{\"@type\":\"ImageObject\",\"inLanguage\":\"es\",\"@id\":\"https:\/\/www.abrima.com\/blog\/#\/schema\/person\/image\/\",\"url\":\"https:\/\/secure.gravatar.com\/avatar\/5cc72c9c6b371583c943a070dff20409?s=96&d=mm&r=g\",\"contentUrl\":\"https:\/\/secure.gravatar.com\/avatar\/5cc72c9c6b371583c943a070dff20409?s=96&d=mm&r=g\",\"caption\":\"Abrima\"},\"url\":\"https:\/\/www.abrima.com\/blog\/author\/abrima\/\"}]}<\/script>\n<!-- \/ Yoast SEO plugin. -->","yoast_head_json":{"title":"Nuevo proyecto realizado: LA PROTECTORA SALUD - Blog de Tecnolog\u00eda - Abrima","robots":{"index":"index","follow":"follow","max-snippet":"max-snippet:-1","max-image-preview":"max-image-preview:large","max-video-preview":"max-video-preview:-1"},"canonical":"https:\/\/www.abrima.com\/blog\/nuevo-proyecto-realizado-la-protectora-salud\/","og_locale":"es_ES","og_type":"article","og_title":"Nuevo proyecto realizado: LA PROTECTORA SALUD - Blog de Tecnolog\u00eda - Abrima","og_description":"LA PROTECTORA SALUD http:\/\/www.laprotectorasalud.com.pe Empresa especializada en el Sector Salud, parte de un grupo empresarial que conforma los diversos Sistemas Privados de Salud en el [&hellip;]","og_url":"https:\/\/www.abrima.com\/blog\/nuevo-proyecto-realizado-la-protectora-salud\/","og_site_name":"Blog de Tecnolog\u00eda - Abrima","article_publisher":"https:\/\/www.facebook.com\/abrimawebs\/","article_published_time":"2014-06-24T18:38:28+00:00","og_image":[{"url":"http:\/\/www.abrima.com\/blog\/wp-content\/uploads\/2014\/06\/poner.jpg"}],"twitter_misc":{"Escrito por":"Abrima"},"schema":{"@context":"https:\/\/schema.org","@graph":[{"@type":"Organization","@id":"https:\/\/www.abrima.com\/blog\/#organization","name":"Abrima","url":"https:\/\/www.abrima.com\/blog\/","sameAs":["https:\/\/www.linkedin.com\/company\/abrima-soluciones-web\/","https:\/\/www.youtube.com\/user\/abrimawebs","https:\/\/www.facebook.com\/abrimawebs\/","https:\/\/twitter.com\/abrimaweb"],"logo":{"@type":"ImageObject","inLanguage":"es","@id":"https:\/\/www.abrima.com\/blog\/#\/schema\/logo\/image\/","url":"https:\/\/www.abrima.com\/blog\/wp-content\/uploads\/2018\/03\/abrima-logo.png","contentUrl":"https:\/\/www.abrima.com\/blog\/wp-content\/uploads\/2018\/03\/abrima-logo.png","width":700,"height":700,"caption":"Abrima"},"image":{"@id":"https:\/\/www.abrima.com\/blog\/#\/schema\/logo\/image\/"}},{"@type":"WebSite","@id":"https:\/\/www.abrima.com\/blog\/#website","url":"https:\/\/www.abrima.com\/blog\/","name":"Blog de Tecnolog\u00eda - Abrima","description":"Blog sobre todo lo relacionado con Cloud, Marketing Digital y Web","publisher":{"@id":"https:\/\/www.abrima.com\/blog\/#organization"},"potentialAction":[{"@type":"SearchAction","target":{"@type":"EntryPoint","urlTemplate":"https:\/\/www.abrima.com\/blog\/?s={search_term_string}"},"query-input":"required name=search_term_string"}],"inLanguage":"es"},{"@type":"ImageObject","inLanguage":"es","@id":"https:\/\/www.abrima.com\/blog\/nuevo-proyecto-realizado-la-protectora-salud\/#primaryimage","url":"http:\/\/www.abrima.com\/blog\/wp-content\/uploads\/2014\/06\/poner.jpg","contentUrl":"http:\/\/www.abrima.com\/blog\/wp-content\/uploads\/2014\/06\/poner.jpg"},{"@type":"WebPage","@id":"https:\/\/www.abrima.com\/blog\/nuevo-proyecto-realizado-la-protectora-salud\/#webpage","url":"https:\/\/www.abrima.com\/blog\/nuevo-proyecto-realizado-la-protectora-salud\/","name":"Nuevo proyecto realizado: LA PROTECTORA SALUD - Blog de Tecnolog\u00eda - Abrima","isPartOf":{"@id":"https:\/\/www.abrima.com\/blog\/#website"},"primaryImageOfPage":{"@id":"https:\/\/www.abrima.com\/blog\/nuevo-proyecto-realizado-la-protectora-salud\/#primaryimage"},"datePublished":"2014-06-24T18:38:28+00:00","dateModified":"2014-06-24T18:38:28+00:00","breadcrumb":{"@id":"https:\/\/www.abrima.com\/blog\/nuevo-proyecto-realizado-la-protectora-salud\/#breadcrumb"},"inLanguage":"es","potentialAction":[{"@type":"ReadAction","target":["https:\/\/www.abrima.com\/blog\/nuevo-proyecto-realizado-la-protectora-salud\/"]}]},{"@type":"BreadcrumbList","@id":"https:\/\/www.abrima.com\/blog\/nuevo-proyecto-realizado-la-protectora-salud\/#breadcrumb","itemListElement":[{"@type":"ListItem","position":1,"name":"Portada","item":"https:\/\/www.abrima.com\/blog\/"},{"@type":"ListItem","position":2,"name":"Nuevo proyecto realizado: LA PROTECTORA SALUD"}]},{"@type":"Article","@id":"https:\/\/www.abrima.com\/blog\/nuevo-proyecto-realizado-la-protectora-salud\/#article","isPartOf":{"@id":"https:\/\/www.abrima.com\/blog\/nuevo-proyecto-realizado-la-protectora-salud\/#webpage"},"author":{"@id":"https:\/\/www.abrima.com\/blog\/#\/schema\/person\/b768d5411164cb8b8d58f72cdf4e11e8"},"headline":"Nuevo proyecto realizado: LA PROTECTORA SALUD","datePublished":"2014-06-24T18:38:28+00:00","dateModified":"2014-06-24T18:38:28+00:00","mainEntityOfPage":{"@id":"https:\/\/www.abrima.com\/blog\/nuevo-proyecto-realizado-la-protectora-salud\/#webpage"},"wordCount":76,"commentCount":0,"publisher":{"@id":"https:\/\/www.abrima.com\/blog\/#organization"},"image":{"@id":"https:\/\/www.abrima.com\/blog\/nuevo-proyecto-realizado-la-protectora-salud\/#primaryimage"},"thumbnailUrl":"http:\/\/www.abrima.com\/blog\/wp-content\/uploads\/2014\/06\/poner.jpg","articleSection":["ABRIMA"],"inLanguage":"es","potentialAction":[{"@type":"CommentAction","name":"Comment","target":["https:\/\/www.abrima.com\/blog\/nuevo-proyecto-realizado-la-protectora-salud\/#respond"]}]},{"@type":"Person","@id":"https:\/\/www.abrima.com\/blog\/#\/schema\/person\/b768d5411164cb8b8d58f72cdf4e11e8","name":"Abrima","image":{"@type":"ImageObject","inLanguage":"es","@id":"https:\/\/www.abrima.com\/blog\/#\/schema\/person\/image\/","url":"https:\/\/secure.gravatar.com\/avatar\/5cc72c9c6b371583c943a070dff20409?s=96&d=mm&r=g","contentUrl":"https:\/\/secure.gravatar.com\/avatar\/5cc72c9c6b371583c943a070dff20409?s=96&d=mm&r=g","caption":"Abrima"},"url":"https:\/\/www.abrima.com\/blog\/author\/abrima\/"}]}},"amp_enabled":true,"_links":{"self":[{"href":"https:\/\/www.abrima.com\/blog\/wp-json\/wp\/v2\/posts\/1729"}],"collection":[{"href":"https:\/\/www.abrima.com\/blog\/wp-json\/wp\/v2\/posts"}],"about":[{"href":"https:\/\/www.abrima.com\/blog\/wp-json\/wp\/v2\/types\/post"}],"author":[{"embeddable":true,"href":"https:\/\/www.abrima.com\/blog\/wp-json\/wp\/v2\/users\/1"}],"replies":[{"embeddable":true,"href":"https:\/\/www.abrima.com\/blog\/wp-json\/wp\/v2\/comments?post=1729"}],"version-history":[{"count":1,"href":"https:\/\/www.abrima.com\/blog\/wp-json\/wp\/v2\/posts\/1729\/revisions"}],"predecessor-version":[{"id":1731,"href":"https:\/\/www.abrima.com\/blog\/wp-json\/wp\/v2\/posts\/1729\/revisions\/1731"}],"wp:attachment":[{"href":"https:\/\/www.abrima.com\/blog\/wp-json\/wp\/v2\/media?parent=1729"}],"wp:term":[{"taxonomy":"category","embeddable":true,"href":"https:\/\/www.abrima.com\/blog\/wp-json\/wp\/v2\/categories?post=1729"},{"taxonomy":"post_tag","embeddable":true,"href":"https:\/\/www.abrima.com\/blog\/wp-json\/wp\/v2\/tags?post=1729"}],"curies":[{"name":"wp","href":"https:\/\/api.w.org\/{rel}","templated":true}]}}