{"id":1718,"date":"2014-06-20T22:00:27","date_gmt":"2014-06-20T22:00:27","guid":{"rendered":"http:\/\/www.abrima.com\/blog\/?p=1718"},"modified":"2014-06-20T22:00:27","modified_gmt":"2014-06-20T22:00:27","slug":"el-mundial-2-0-brasil-2014-en-las-redes-sociales","status":"publish","type":"post","link":"https:\/\/www.abrima.com\/blog\/el-mundial-2-0-brasil-2014-en-las-redes-sociales\/","title":{"rendered":"El Mundial 2.0: Brasil 2014 en las redes sociales"},"content":{"rendered":"<p><img loading=\"lazy\" src=\"http:\/\/cdn3.ticbeat.com\/wp-content\/uploads\/2014\/06\/imagen_fifa_com.png\" alt=\"imagen_fifa_com\" width=\"505\" height=\"284\" \/><\/p>\n<p style=\"color: #666666;\">Todo indica que el Mundial 2014 que comenz\u00f3 en Brasil este jueves va a ser -en palabras del responsable de marketing y ventas de la cadena deportiva ESPN-\u00a0<span style=\"font-weight: bold;\">\u201cel m\u00e1s social de la Historia\u201d<\/span>. De hecho, si tenemos en cuenta el inter\u00e9s que suscita en todo el mundo, posiblemente estemos ante el evento m\u00e1s social que se recuerda, el que genere m\u00e1s tr\u00e1fico y atenci\u00f3n en las redes sociales.<\/p>\n<p style=\"color: #666666;\">Y es que s\u00f3lo el partido inaugural\u00a0<span style=\"font-weight: bold;\">(el pol\u00e9mico Brasil 3 \u2013 1 Croacia) ya gener\u00f3 m\u00e1s tr\u00e1fico en las redes sociales que la \u00faltima gala de los Oscars<\/span>(12,2 millones de tuits contra 11,2 millones)\u2026 y dej\u00f3 muy atr\u00e1s a las cifras del partido inaugural del Mundial de Sud\u00e1frica (300.000 tuits).\u00a0<span style=\"font-weight: bold;\">En lo que respecta a Facebook, el Brasil-Croacia gener\u00f3 58 millones de comentarios y 140 millones de interacciones<\/span>\u00a0(un tercio de las mismas, eso s\u00ed, generado por los 16 millones de usuarios brasile\u00f1os activos).<\/p>\n<p style=\"color: #666666;\">En la imagen de abajo, que une gr\u00e1ficos publicados tanto por la agencia latinoamericana de marketing digital\u00a0<a style=\"color: #000000;\" href=\"http:\/\/imscorporate.com\/es\/press\/view\/61\">IMS Corp<\/a>\u00a0(a la izquierda), como por el blog<a style=\"color: #000000;\" href=\"http:\/\/www.thinkwithgoogle.com\/articles\/2014-world-cup.html\">Think with Google<\/a>\u00a0(a la derecha), podemos ver la repercusi\u00f3n de los mundiales de f\u00fatbol frente a otros grandes eventos deportivos,\u00a0<span style=\"font-weight: bold;\">medida tanto en tuits por segundo como en volumen de b\u00fasquedas<\/span>:<\/p>\n<p style=\"color: #666666;\"><a style=\"color: #000000;\" href=\"http:\/\/cdn3.ticbeat.com\/wp-content\/uploads\/2014\/06\/datosmundial.png\"><img loading=\"lazy\" class=\"aligncenter size-full wp-image-126942\" src=\"http:\/\/cdn3.ticbeat.com\/wp-content\/uploads\/2014\/06\/datosmundial.png\" alt=\"datosmundial\" width=\"789\" height=\"256\" \/><\/a><\/p>\n<h2 style=\"font-weight: 400;\">La FIFA 2.0<\/h2>\n<p style=\"color: #666666;\">Conociendo la importancia de las redes sociales para aumentar la repercusi\u00f3n medi\u00e1tica del Mundial, ha sido la propia entidad organizadora del mismo quien ha puesto toda la carne en el asador, desplegando una intensa actividad social en los perfiles oficiales de la Copa del Mundo en\u00a0<a style=\"color: #000000;\" href=\"https:\/\/www.facebook.com\/fifaworldcup\">Facebook<\/a>,\u00a0<a style=\"color: #000000;\" href=\"https:\/\/twitter.com\/fifaworldcup\">Twitter<\/a>,\u00a0<a style=\"color: #000000;\" href=\"https:\/\/www.youtube.com\/user\/FIFATV%20\">Youtube<\/a>\u00a0y<a style=\"color: #000000;\" href=\"https:\/\/plus.google.com\/u\/0\/104717316209120540511\/posts\">Google+<\/a>. Tambi\u00e9n es de inter\u00e9s la cuenta de Twitter\u00a0<a style=\"color: #000000;\" href=\"https:\/\/twitter.com\/fifamedia\">FIFA Media<\/a>, destinada a los medios de comunicaci\u00f3n.<\/p>\n<h2 style=\"font-weight: 400;\">El Mundial en Twitter y Facebook<\/h2>\n<p style=\"color: #666666;\">Las dos grandes redes sociales del mundo no se han quedado de brazos cruzados, y han presentado novedades con ocasi\u00f3n del comienzo del Mundial.<\/p>\n<p style=\"color: #666666;\">Twitter, por ejemplo, ha querido trasladar las banderas de los campos de f\u00fatbol a los timelines mediante\u00a0<span style=\"font-weight: bold;\">sus novedosas hashflags<\/span>\u00a0(iconos de las banderas de los pa\u00edses participantes que aparecen al utilizar como hashtag las tres primeras letras de sus nombres: #ESP, #BRA, #ITA\u2026). Adem\u00e1s de eso, los usuarios que lo deseen pueden ir viendo los marcadores de los partidos del d\u00eda en un lateral de la web, o bien\u00a0<span style=\"font-weight: bold;\">acceder a la secci\u00f3n especial \u201c<a style=\"color: #000000;\" href=\"https:\/\/twitter.com\/hashtag\/WorldCup\">Copa Mundial 2014<\/a>\u201d que han habilitado<\/span>.<\/p>\n<p style=\"color: #666666;\"><a style=\"color: #000000;\" href=\"http:\/\/cdn3.ticbeat.com\/wp-content\/uploads\/2014\/06\/twittermundial.png\"><img loading=\"lazy\" class=\"aligncenter size-full wp-image-126945\" src=\"http:\/\/cdn3.ticbeat.com\/wp-content\/uploads\/2014\/06\/twittermundial.png\" alt=\"twittermundial\" width=\"640\" height=\"364\" \/><\/a><\/p>\n<p style=\"color: #666666;\">Facebook, por otra parte, tambi\u00e9n ha creado una\u00a0<a style=\"color: #000000;\" href=\"https:\/\/www.facebook.com\/worldcup\/\">secci\u00f3n especial para el Mundial<\/a>\u00a0(no tan completa como la de Twitter) que recoge estados publicados por nuestros contactos relativos al campeonato, adem\u00e1s de otras publicaciones destacadas a nivel mundial. Adem\u00e1s, desde la misma podemos acceder tambi\u00e9n a\u00a0<span style=\"font-weight: bold;\">un mapa de fans, para situar por pa\u00edses la popularidad de los futbolistas m\u00e1s destacados<\/span>.<\/p>\n<p style=\"color: #666666;\"><a style=\"color: #000000;\" href=\"http:\/\/cdn2.ticbeat.com\/wp-content\/uploads\/2014\/06\/facebookmundial.png\"><img loading=\"lazy\" class=\"aligncenter size-full wp-image-126946\" src=\"http:\/\/cdn2.ticbeat.com\/wp-content\/uploads\/2014\/06\/facebookmundial.png\" alt=\"facebookmundial\" width=\"640\" height=\"302\" \/><\/a><\/p>\n<h2 style=\"font-weight: 400;\">\u00bfY Google?<\/h2>\n<p style=\"color: #666666;\">Google, por su parte, se ha asegurado de poner toda la informaci\u00f3n relevante (horarios, resultados, alineaci\u00f3n, enlace a la web FIFA con estad\u00edsticas de los encuentros, etc) en su sistema de tarjetas, accesible desde la b\u00fasqueda web de Google, o desde Google Now en los dispositivos m\u00f3viles.\u00a0Tambi\u00e9n han habilitado una completa sub-web dentro de Google Trends con datos de b\u00fasquedas y enlaces a las principales tendencias informativas sobre el Mundial.<\/p>\n<div id=\"gallery-1269373\" class=\"gallery carousel slide\" style=\"color: #666666;\">\n<div class=\"carousel-inner\" data-interval=\"7000\">\n<div class=\"item active\" draggable=\"false\"><img src=\"http:\/\/cdn2.ticbeat.com\/wp-content\/uploads\/2014\/06\/tarjetasgoogle.png\" alt=\"\" \/><\/div>\n<\/div>\n<div class=\"carousel-nav\">\n<ul>\n<li class=\"active\"><a style=\"color: #000000;\" href=\"http:\/\/www.ticbeat.com\/socialmedia\/el-mundial-20-brasil-2014-en-las-redes-sociales\/#0\">0<\/a><\/li>\n<li><a style=\"color: #000000;\" href=\"http:\/\/www.ticbeat.com\/socialmedia\/el-mundial-20-brasil-2014-en-las-redes-sociales\/#1\">1<\/a><\/li>\n<\/ul>\n<\/div>\n<\/div>\n<p style=\"color: #666666;\"><span style=\"font-weight: bold;\">Recuerda que tambi\u00e9n puedes seguir todas las novedades sobre el Mundial desde tu m\u00f3vil, con\u00a0<a style=\"color: #000000;\" href=\"http:\/\/www.ticbeat.com\/apps\/apps-recomendadas-para-este-mundial-futbol\/\">las apps que te recomendamos la pasada semana<\/a>.<\/span><\/p>\n<p style=\"color: #666666;\">\n<p style=\"color: #666666;\">FUENTE: <a href=\"http:\/\/www.ticbeat.com\/socialmedia\/el-mundial-20-brasil-2014-en-las-redes-sociales\/\">ticbeat.com<\/a><\/p>\n","protected":false},"excerpt":{"rendered":"<p>Todo indica que el Mundial 2014 que comenz\u00f3 en Brasil este jueves va a ser -en palabras del responsable de marketing y ventas de la [&hellip;]<\/p>\n","protected":false},"author":2,"featured_media":0,"comment_status":"open","ping_status":"open","sticky":false,"template":"","format":"standard","meta":{"_monsterinsights_skip_tracking":false,"_monsterinsights_sitenote_active":false,"_monsterinsights_sitenote_note":"","_monsterinsights_sitenote_category":0},"categories":[16],"tags":[],"yoast_head":"<!-- This site is optimized with the Yoast SEO plugin v19.1 - https:\/\/yoast.com\/wordpress\/plugins\/seo\/ -->\n<title>El Mundial 2.0: Brasil 2014 en las redes sociales - Blog de Tecnolog\u00eda - Abrima<\/title>\n<meta name=\"robots\" content=\"index, follow, max-snippet:-1, max-image-preview:large, max-video-preview:-1\" \/>\n<link rel=\"canonical\" href=\"https:\/\/www.abrima.com\/blog\/el-mundial-2-0-brasil-2014-en-las-redes-sociales\/\" \/>\n<meta property=\"og:locale\" content=\"es_ES\" \/>\n<meta property=\"og:type\" content=\"article\" \/>\n<meta property=\"og:title\" content=\"El Mundial 2.0: Brasil 2014 en las redes sociales - Blog de Tecnolog\u00eda - Abrima\" \/>\n<meta property=\"og:description\" content=\"Todo indica que el Mundial 2014 que comenz\u00f3 en Brasil este jueves va a ser -en palabras del responsable de marketing y ventas de la [&hellip;]\" \/>\n<meta property=\"og:url\" content=\"https:\/\/www.abrima.com\/blog\/el-mundial-2-0-brasil-2014-en-las-redes-sociales\/\" \/>\n<meta property=\"og:site_name\" content=\"Blog de Tecnolog\u00eda - Abrima\" \/>\n<meta property=\"article:publisher\" content=\"https:\/\/www.facebook.com\/abrimawebs\/\" \/>\n<meta property=\"article:published_time\" content=\"2014-06-20T22:00:27+00:00\" \/>\n<meta property=\"og:image\" content=\"http:\/\/cdn3.ticbeat.com\/wp-content\/uploads\/2014\/06\/imagen_fifa_com.png\" \/>\n<meta name=\"twitter:label1\" content=\"Escrito por\" \/>\n\t<meta name=\"twitter:data1\" content=\"Ana Lucia Marrou\" \/>\n\t<meta name=\"twitter:label2\" content=\"Tiempo de lectura\" \/>\n\t<meta name=\"twitter:data2\" content=\"3 minutos\" \/>\n<script type=\"application\/ld+json\" class=\"yoast-schema-graph\">{\"@context\":\"https:\/\/schema.org\",\"@graph\":[{\"@type\":\"Organization\",\"@id\":\"https:\/\/www.abrima.com\/blog\/#organization\",\"name\":\"Abrima\",\"url\":\"https:\/\/www.abrima.com\/blog\/\",\"sameAs\":[\"https:\/\/www.linkedin.com\/company\/abrima-soluciones-web\/\",\"https:\/\/www.youtube.com\/user\/abrimawebs\",\"https:\/\/www.facebook.com\/abrimawebs\/\",\"https:\/\/twitter.com\/abrimaweb\"],\"logo\":{\"@type\":\"ImageObject\",\"inLanguage\":\"es\",\"@id\":\"https:\/\/www.abrima.com\/blog\/#\/schema\/logo\/image\/\",\"url\":\"https:\/\/www.abrima.com\/blog\/wp-content\/uploads\/2018\/03\/abrima-logo.png\",\"contentUrl\":\"https:\/\/www.abrima.com\/blog\/wp-content\/uploads\/2018\/03\/abrima-logo.png\",\"width\":700,\"height\":700,\"caption\":\"Abrima\"},\"image\":{\"@id\":\"https:\/\/www.abrima.com\/blog\/#\/schema\/logo\/image\/\"}},{\"@type\":\"WebSite\",\"@id\":\"https:\/\/www.abrima.com\/blog\/#website\",\"url\":\"https:\/\/www.abrima.com\/blog\/\",\"name\":\"Blog de Tecnolog\u00eda - Abrima\",\"description\":\"Blog sobre todo lo relacionado con Cloud, Marketing Digital y Web\",\"publisher\":{\"@id\":\"https:\/\/www.abrima.com\/blog\/#organization\"},\"potentialAction\":[{\"@type\":\"SearchAction\",\"target\":{\"@type\":\"EntryPoint\",\"urlTemplate\":\"https:\/\/www.abrima.com\/blog\/?s={search_term_string}\"},\"query-input\":\"required name=search_term_string\"}],\"inLanguage\":\"es\"},{\"@type\":\"ImageObject\",\"inLanguage\":\"es\",\"@id\":\"https:\/\/www.abrima.com\/blog\/el-mundial-2-0-brasil-2014-en-las-redes-sociales\/#primaryimage\",\"url\":\"http:\/\/cdn3.ticbeat.com\/wp-content\/uploads\/2014\/06\/imagen_fifa_com.png\",\"contentUrl\":\"http:\/\/cdn3.ticbeat.com\/wp-content\/uploads\/2014\/06\/imagen_fifa_com.png\"},{\"@type\":\"WebPage\",\"@id\":\"https:\/\/www.abrima.com\/blog\/el-mundial-2-0-brasil-2014-en-las-redes-sociales\/#webpage\",\"url\":\"https:\/\/www.abrima.com\/blog\/el-mundial-2-0-brasil-2014-en-las-redes-sociales\/\",\"name\":\"El Mundial 2.0: Brasil 2014 en las redes sociales - Blog de Tecnolog\u00eda - Abrima\",\"isPartOf\":{\"@id\":\"https:\/\/www.abrima.com\/blog\/#website\"},\"primaryImageOfPage\":{\"@id\":\"https:\/\/www.abrima.com\/blog\/el-mundial-2-0-brasil-2014-en-las-redes-sociales\/#primaryimage\"},\"datePublished\":\"2014-06-20T22:00:27+00:00\",\"dateModified\":\"2014-06-20T22:00:27+00:00\",\"breadcrumb\":{\"@id\":\"https:\/\/www.abrima.com\/blog\/el-mundial-2-0-brasil-2014-en-las-redes-sociales\/#breadcrumb\"},\"inLanguage\":\"es\",\"potentialAction\":[{\"@type\":\"ReadAction\",\"target\":[\"https:\/\/www.abrima.com\/blog\/el-mundial-2-0-brasil-2014-en-las-redes-sociales\/\"]}]},{\"@type\":\"BreadcrumbList\",\"@id\":\"https:\/\/www.abrima.com\/blog\/el-mundial-2-0-brasil-2014-en-las-redes-sociales\/#breadcrumb\",\"itemListElement\":[{\"@type\":\"ListItem\",\"position\":1,\"name\":\"Portada\",\"item\":\"https:\/\/www.abrima.com\/blog\/\"},{\"@type\":\"ListItem\",\"position\":2,\"name\":\"El Mundial 2.0: Brasil 2014 en las redes sociales\"}]},{\"@type\":\"Article\",\"@id\":\"https:\/\/www.abrima.com\/blog\/el-mundial-2-0-brasil-2014-en-las-redes-sociales\/#article\",\"isPartOf\":{\"@id\":\"https:\/\/www.abrima.com\/blog\/el-mundial-2-0-brasil-2014-en-las-redes-sociales\/#webpage\"},\"author\":{\"@id\":\"https:\/\/www.abrima.com\/blog\/#\/schema\/person\/70ccd8d5617e3a3d6d5121086c3bb00f\"},\"headline\":\"El Mundial 2.0: Brasil 2014 en las redes sociales\",\"datePublished\":\"2014-06-20T22:00:27+00:00\",\"dateModified\":\"2014-06-20T22:00:27+00:00\",\"mainEntityOfPage\":{\"@id\":\"https:\/\/www.abrima.com\/blog\/el-mundial-2-0-brasil-2014-en-las-redes-sociales\/#webpage\"},\"wordCount\":591,\"commentCount\":0,\"publisher\":{\"@id\":\"https:\/\/www.abrima.com\/blog\/#organization\"},\"image\":{\"@id\":\"https:\/\/www.abrima.com\/blog\/el-mundial-2-0-brasil-2014-en-las-redes-sociales\/#primaryimage\"},\"thumbnailUrl\":\"http:\/\/cdn3.ticbeat.com\/wp-content\/uploads\/2014\/06\/imagen_fifa_com.png\",\"articleSection\":[\"Redes Sociales\"],\"inLanguage\":\"es\",\"potentialAction\":[{\"@type\":\"CommentAction\",\"name\":\"Comment\",\"target\":[\"https:\/\/www.abrima.com\/blog\/el-mundial-2-0-brasil-2014-en-las-redes-sociales\/#respond\"]}]},{\"@type\":\"Person\",\"@id\":\"https:\/\/www.abrima.com\/blog\/#\/schema\/person\/70ccd8d5617e3a3d6d5121086c3bb00f\",\"name\":\"Ana Lucia Marrou\",\"image\":{\"@type\":\"ImageObject\",\"inLanguage\":\"es\",\"@id\":\"https:\/\/www.abrima.com\/blog\/#\/schema\/person\/image\/\",\"url\":\"https:\/\/secure.gravatar.com\/avatar\/90bc8b721d14c58be266256fd3396265?s=96&d=mm&r=g\",\"contentUrl\":\"https:\/\/secure.gravatar.com\/avatar\/90bc8b721d14c58be266256fd3396265?s=96&d=mm&r=g\",\"caption\":\"Ana Lucia Marrou\"},\"url\":\"https:\/\/www.abrima.com\/blog\/author\/anilu\/\"}]}<\/script>\n<!-- \/ Yoast SEO plugin. -->","yoast_head_json":{"title":"El Mundial 2.0: Brasil 2014 en las redes sociales - Blog de Tecnolog\u00eda - Abrima","robots":{"index":"index","follow":"follow","max-snippet":"max-snippet:-1","max-image-preview":"max-image-preview:large","max-video-preview":"max-video-preview:-1"},"canonical":"https:\/\/www.abrima.com\/blog\/el-mundial-2-0-brasil-2014-en-las-redes-sociales\/","og_locale":"es_ES","og_type":"article","og_title":"El Mundial 2.0: Brasil 2014 en las redes sociales - Blog de Tecnolog\u00eda - Abrima","og_description":"Todo indica que el Mundial 2014 que comenz\u00f3 en Brasil este jueves va a ser -en palabras del responsable de marketing y ventas de la [&hellip;]","og_url":"https:\/\/www.abrima.com\/blog\/el-mundial-2-0-brasil-2014-en-las-redes-sociales\/","og_site_name":"Blog de Tecnolog\u00eda - Abrima","article_publisher":"https:\/\/www.facebook.com\/abrimawebs\/","article_published_time":"2014-06-20T22:00:27+00:00","og_image":[{"url":"http:\/\/cdn3.ticbeat.com\/wp-content\/uploads\/2014\/06\/imagen_fifa_com.png"}],"twitter_misc":{"Escrito por":"Ana Lucia Marrou","Tiempo de lectura":"3 minutos"},"schema":{"@context":"https:\/\/schema.org","@graph":[{"@type":"Organization","@id":"https:\/\/www.abrima.com\/blog\/#organization","name":"Abrima","url":"https:\/\/www.abrima.com\/blog\/","sameAs":["https:\/\/www.linkedin.com\/company\/abrima-soluciones-web\/","https:\/\/www.youtube.com\/user\/abrimawebs","https:\/\/www.facebook.com\/abrimawebs\/","https:\/\/twitter.com\/abrimaweb"],"logo":{"@type":"ImageObject","inLanguage":"es","@id":"https:\/\/www.abrima.com\/blog\/#\/schema\/logo\/image\/","url":"https:\/\/www.abrima.com\/blog\/wp-content\/uploads\/2018\/03\/abrima-logo.png","contentUrl":"https:\/\/www.abrima.com\/blog\/wp-content\/uploads\/2018\/03\/abrima-logo.png","width":700,"height":700,"caption":"Abrima"},"image":{"@id":"https:\/\/www.abrima.com\/blog\/#\/schema\/logo\/image\/"}},{"@type":"WebSite","@id":"https:\/\/www.abrima.com\/blog\/#website","url":"https:\/\/www.abrima.com\/blog\/","name":"Blog de Tecnolog\u00eda - Abrima","description":"Blog sobre todo lo relacionado con Cloud, Marketing Digital y Web","publisher":{"@id":"https:\/\/www.abrima.com\/blog\/#organization"},"potentialAction":[{"@type":"SearchAction","target":{"@type":"EntryPoint","urlTemplate":"https:\/\/www.abrima.com\/blog\/?s={search_term_string}"},"query-input":"required name=search_term_string"}],"inLanguage":"es"},{"@type":"ImageObject","inLanguage":"es","@id":"https:\/\/www.abrima.com\/blog\/el-mundial-2-0-brasil-2014-en-las-redes-sociales\/#primaryimage","url":"http:\/\/cdn3.ticbeat.com\/wp-content\/uploads\/2014\/06\/imagen_fifa_com.png","contentUrl":"http:\/\/cdn3.ticbeat.com\/wp-content\/uploads\/2014\/06\/imagen_fifa_com.png"},{"@type":"WebPage","@id":"https:\/\/www.abrima.com\/blog\/el-mundial-2-0-brasil-2014-en-las-redes-sociales\/#webpage","url":"https:\/\/www.abrima.com\/blog\/el-mundial-2-0-brasil-2014-en-las-redes-sociales\/","name":"El Mundial 2.0: Brasil 2014 en las redes sociales - Blog de Tecnolog\u00eda - Abrima","isPartOf":{"@id":"https:\/\/www.abrima.com\/blog\/#website"},"primaryImageOfPage":{"@id":"https:\/\/www.abrima.com\/blog\/el-mundial-2-0-brasil-2014-en-las-redes-sociales\/#primaryimage"},"datePublished":"2014-06-20T22:00:27+00:00","dateModified":"2014-06-20T22:00:27+00:00","breadcrumb":{"@id":"https:\/\/www.abrima.com\/blog\/el-mundial-2-0-brasil-2014-en-las-redes-sociales\/#breadcrumb"},"inLanguage":"es","potentialAction":[{"@type":"ReadAction","target":["https:\/\/www.abrima.com\/blog\/el-mundial-2-0-brasil-2014-en-las-redes-sociales\/"]}]},{"@type":"BreadcrumbList","@id":"https:\/\/www.abrima.com\/blog\/el-mundial-2-0-brasil-2014-en-las-redes-sociales\/#breadcrumb","itemListElement":[{"@type":"ListItem","position":1,"name":"Portada","item":"https:\/\/www.abrima.com\/blog\/"},{"@type":"ListItem","position":2,"name":"El Mundial 2.0: Brasil 2014 en las redes sociales"}]},{"@type":"Article","@id":"https:\/\/www.abrima.com\/blog\/el-mundial-2-0-brasil-2014-en-las-redes-sociales\/#article","isPartOf":{"@id":"https:\/\/www.abrima.com\/blog\/el-mundial-2-0-brasil-2014-en-las-redes-sociales\/#webpage"},"author":{"@id":"https:\/\/www.abrima.com\/blog\/#\/schema\/person\/70ccd8d5617e3a3d6d5121086c3bb00f"},"headline":"El Mundial 2.0: Brasil 2014 en las redes sociales","datePublished":"2014-06-20T22:00:27+00:00","dateModified":"2014-06-20T22:00:27+00:00","mainEntityOfPage":{"@id":"https:\/\/www.abrima.com\/blog\/el-mundial-2-0-brasil-2014-en-las-redes-sociales\/#webpage"},"wordCount":591,"commentCount":0,"publisher":{"@id":"https:\/\/www.abrima.com\/blog\/#organization"},"image":{"@id":"https:\/\/www.abrima.com\/blog\/el-mundial-2-0-brasil-2014-en-las-redes-sociales\/#primaryimage"},"thumbnailUrl":"http:\/\/cdn3.ticbeat.com\/wp-content\/uploads\/2014\/06\/imagen_fifa_com.png","articleSection":["Redes Sociales"],"inLanguage":"es","potentialAction":[{"@type":"CommentAction","name":"Comment","target":["https:\/\/www.abrima.com\/blog\/el-mundial-2-0-brasil-2014-en-las-redes-sociales\/#respond"]}]},{"@type":"Person","@id":"https:\/\/www.abrima.com\/blog\/#\/schema\/person\/70ccd8d5617e3a3d6d5121086c3bb00f","name":"Ana Lucia Marrou","image":{"@type":"ImageObject","inLanguage":"es","@id":"https:\/\/www.abrima.com\/blog\/#\/schema\/person\/image\/","url":"https:\/\/secure.gravatar.com\/avatar\/90bc8b721d14c58be266256fd3396265?s=96&d=mm&r=g","contentUrl":"https:\/\/secure.gravatar.com\/avatar\/90bc8b721d14c58be266256fd3396265?s=96&d=mm&r=g","caption":"Ana Lucia Marrou"},"url":"https:\/\/www.abrima.com\/blog\/author\/anilu\/"}]}},"amp_enabled":true,"_links":{"self":[{"href":"https:\/\/www.abrima.com\/blog\/wp-json\/wp\/v2\/posts\/1718"}],"collection":[{"href":"https:\/\/www.abrima.com\/blog\/wp-json\/wp\/v2\/posts"}],"about":[{"href":"https:\/\/www.abrima.com\/blog\/wp-json\/wp\/v2\/types\/post"}],"author":[{"embeddable":true,"href":"https:\/\/www.abrima.com\/blog\/wp-json\/wp\/v2\/users\/2"}],"replies":[{"embeddable":true,"href":"https:\/\/www.abrima.com\/blog\/wp-json\/wp\/v2\/comments?post=1718"}],"version-history":[{"count":1,"href":"https:\/\/www.abrima.com\/blog\/wp-json\/wp\/v2\/posts\/1718\/revisions"}],"predecessor-version":[{"id":1719,"href":"https:\/\/www.abrima.com\/blog\/wp-json\/wp\/v2\/posts\/1718\/revisions\/1719"}],"wp:attachment":[{"href":"https:\/\/www.abrima.com\/blog\/wp-json\/wp\/v2\/media?parent=1718"}],"wp:term":[{"taxonomy":"category","embeddable":true,"href":"https:\/\/www.abrima.com\/blog\/wp-json\/wp\/v2\/categories?post=1718"},{"taxonomy":"post_tag","embeddable":true,"href":"https:\/\/www.abrima.com\/blog\/wp-json\/wp\/v2\/tags?post=1718"}],"curies":[{"name":"wp","href":"https:\/\/api.w.org\/{rel}","templated":true}]}}