{"id":1619,"date":"2014-06-03T21:30:12","date_gmt":"2014-06-03T21:30:12","guid":{"rendered":"http:\/\/www.abrima.com\/blog\/?p=1619"},"modified":"2014-06-03T21:30:12","modified_gmt":"2014-06-03T21:30:12","slug":"samsung-muestra-la-escuela-digital-en-la-feria-del-libro","status":"publish","type":"post","link":"https:\/\/www.abrima.com\/blog\/samsung-muestra-la-escuela-digital-en-la-feria-del-libro\/","title":{"rendered":"Samsung muestra la \u201cescuela digital\u201d en la Feria del Libro"},"content":{"rendered":"<p style=\"color: #666666;\">Con motivo de la\u00a0<span style=\"font-weight: bold;\">Feria del Libro<\/span>\u00a0que se celebra en el Paseo de Coches del Parque del Retiro en Madrid,\u00a0<span style=\"font-weight: bold;\">Samsung est\u00e1 mostrando en un gran stand sus soluciones para la educaci\u00f3n basadas en sus tabletas Galaxy<\/span>\u00a0Tab4, Galaxy NotePRO y TabPRO, as\u00ed como las herramientas y aplicaciones que ayudan a la educaci\u00f3n digital y al fomento del ocio cultural.<span style=\"font-weight: bold;\">\u00a0Adem\u00e1s de una zona de demostraci\u00f3n de tabletas<\/span>\u00a0y destinada a actividades entre padres e hijos,<span style=\"font-weight: bold;\">\u00a0lo m\u00e1s importante es la denominada \u201cSamsung School\u201d, o escuela digital, que muestra un aula digital basada en tabletas y una pizarra electr\u00f3nica.<\/span><\/p>\n<p style=\"color: #666666;\"><img loading=\"lazy\" class=\"alignnone  wp-image-126176\" src=\"http:\/\/cdn1.ticbeat.com\/wp-content\/uploads\/2014\/06\/Samsung-School-2.jpg\" alt=\"Samsung School 2\" width=\"477\" height=\"290\" \/><\/p>\n<p style=\"color: #666666;\"><span style=\"font-weight: bold;\">Como ha incidido David Alonso,\u00a0<\/span>responsable de la divisi\u00f3n de Negocio para Empresas de Samsung Iberia,<span style=\"font-weight: bold;\">\u00a0el sistema del fabricante permite integrar las tabletas de los alumnos y el profesor con la pizarra electr\u00f3nica,<\/span>\u00a0y el maestro puede en todo momento controlar y manejar todo el contenido que se muestra en las tabletas y la pizarra.<\/p>\n<p style=\"color: #666666;\"><a style=\"color: #000000;\" href=\"http:\/\/cdn2.ticbeat.com\/wp-content\/uploads\/2014\/06\/Funciones-Samsung-School.jpg\"><img loading=\"lazy\" class=\"alignnone  wp-image-126182\" src=\"http:\/\/cdn2.ticbeat.com\/wp-content\/uploads\/2014\/06\/Funciones-Samsung-School.jpg\" alt=\"Funciones Samsung School\" width=\"402\" height=\"135\" \/><\/a><\/p>\n<p style=\"color: #666666;\">As\u00ed,<span style=\"font-weight: bold;\">\u00a0el profesor puede ver en su pantalla las miniaturas de lo que hay en cada una de las tabletas de los alumnos o controlar una a una.<\/span>\u00a0Tambi\u00e9n puede llamar la atenci\u00f3n de un alumno, mostrarle las tareas a realizar o incluso escribir anotaciones sobre su tableta de manera remota.<\/p>\n<p style=\"color: #666666;\"><img loading=\"lazy\" class=\"alignnone  wp-image-126177\" src=\"http:\/\/cdn1.ticbeat.com\/wp-content\/uploads\/2014\/06\/Samsung-School-3.jpg\" alt=\"Samsung School 3\" width=\"460\" height=\"297\" \/><\/p>\n<p style=\"color: #666666;\"><span style=\"font-weight: bold;\">David Alonso ha explicado que la inversi\u00f3n<\/span>\u00a0que deben llevar a cabo las escuelas para instalar estas aulas digitales\u00a0<span style=\"font-weight: bold;\">es muy variable, ya que depende de la infraestructura tecnol\u00f3gica de la que partan.<\/span>\u00a0Tambi\u00e9n ha se\u00f1alado que, de momento\u00a0<span style=\"font-weight: bold;\">han instalado este tipo de aulas en algo m\u00e1s de 50 colegios,<\/span>\u00a0pero que el inter\u00e9s por esta tecnolog\u00eda est\u00e1 creciendo muy r\u00e1pidamente y esperan ampliar de manera significativa el n\u00famero de colegios y aulas antes del nuevo curso. Adem\u00e1s,\u00a0<span style=\"font-weight: bold;\">ha remarcado la especial adecuaci\u00f3n de todas las tabletas de Samsung al uso infantil con el \u201cmodo ni\u00f1os\u201d<\/span>\u00a0que se ha introducido en sus \u00faltimos modelos y con sus dispositivos especialmente dise\u00f1ados para los m\u00e1s peque\u00f1os.<\/p>\n<p style=\"color: #666666;\"><img loading=\"lazy\" class=\"alignnone  wp-image-126178\" src=\"http:\/\/cdn2.ticbeat.com\/wp-content\/uploads\/2014\/06\/Samsung-School-4.jpg\" alt=\"Samsung School 4\" width=\"460\" height=\"259\" \/><\/p>\n<p style=\"color: #666666;\">FUENTE: <a href=\"http:\/\/cyborgcultura.ticbeat.com\/samsung-muestra-escuela-digital-feria-del-libro\/\">ticbeat.com<\/a><\/p>\n","protected":false},"excerpt":{"rendered":"<p>Con motivo de la\u00a0Feria del Libro\u00a0que se celebra en el Paseo de Coches del Parque del Retiro en Madrid,\u00a0Samsung est\u00e1 mostrando en un gran stand [&hellip;]<\/p>\n","protected":false},"author":2,"featured_media":0,"comment_status":"open","ping_status":"open","sticky":false,"template":"","format":"standard","meta":{"_monsterinsights_skip_tracking":false,"_monsterinsights_sitenote_active":false,"_monsterinsights_sitenote_note":"","_monsterinsights_sitenote_category":0},"categories":[17,23],"tags":[],"yoast_head":"<!-- This site is optimized with the Yoast SEO plugin v19.1 - https:\/\/yoast.com\/wordpress\/plugins\/seo\/ -->\n<title>Samsung muestra la \u201cescuela digital\u201d en la Feria del Libro - Blog de Tecnolog\u00eda - Abrima<\/title>\n<meta name=\"robots\" content=\"index, follow, max-snippet:-1, max-image-preview:large, max-video-preview:-1\" \/>\n<link rel=\"canonical\" href=\"https:\/\/www.abrima.com\/blog\/samsung-muestra-la-escuela-digital-en-la-feria-del-libro\/\" \/>\n<meta property=\"og:locale\" content=\"es_ES\" \/>\n<meta property=\"og:type\" content=\"article\" \/>\n<meta property=\"og:title\" content=\"Samsung muestra la \u201cescuela digital\u201d en la Feria del Libro - Blog de Tecnolog\u00eda - Abrima\" \/>\n<meta property=\"og:description\" content=\"Con motivo de la\u00a0Feria del Libro\u00a0que se celebra en el Paseo de Coches del Parque del Retiro en Madrid,\u00a0Samsung est\u00e1 mostrando en un gran stand [&hellip;]\" \/>\n<meta property=\"og:url\" content=\"https:\/\/www.abrima.com\/blog\/samsung-muestra-la-escuela-digital-en-la-feria-del-libro\/\" \/>\n<meta property=\"og:site_name\" content=\"Blog de Tecnolog\u00eda - Abrima\" \/>\n<meta property=\"article:publisher\" content=\"https:\/\/www.facebook.com\/abrimawebs\/\" \/>\n<meta property=\"article:published_time\" content=\"2014-06-03T21:30:12+00:00\" \/>\n<meta property=\"og:image\" content=\"http:\/\/cdn1.ticbeat.com\/wp-content\/uploads\/2014\/06\/Samsung-School-2.jpg\" \/>\n<meta name=\"twitter:label1\" content=\"Escrito por\" \/>\n\t<meta name=\"twitter:data1\" content=\"Ana Lucia Marrou\" \/>\n\t<meta name=\"twitter:label2\" content=\"Tiempo de lectura\" \/>\n\t<meta name=\"twitter:data2\" content=\"2 minutos\" \/>\n<script type=\"application\/ld+json\" class=\"yoast-schema-graph\">{\"@context\":\"https:\/\/schema.org\",\"@graph\":[{\"@type\":\"Organization\",\"@id\":\"https:\/\/www.abrima.com\/blog\/#organization\",\"name\":\"Abrima\",\"url\":\"https:\/\/www.abrima.com\/blog\/\",\"sameAs\":[\"https:\/\/www.linkedin.com\/company\/abrima-soluciones-web\/\",\"https:\/\/www.youtube.com\/user\/abrimawebs\",\"https:\/\/www.facebook.com\/abrimawebs\/\",\"https:\/\/twitter.com\/abrimaweb\"],\"logo\":{\"@type\":\"ImageObject\",\"inLanguage\":\"es\",\"@id\":\"https:\/\/www.abrima.com\/blog\/#\/schema\/logo\/image\/\",\"url\":\"https:\/\/www.abrima.com\/blog\/wp-content\/uploads\/2018\/03\/abrima-logo.png\",\"contentUrl\":\"https:\/\/www.abrima.com\/blog\/wp-content\/uploads\/2018\/03\/abrima-logo.png\",\"width\":700,\"height\":700,\"caption\":\"Abrima\"},\"image\":{\"@id\":\"https:\/\/www.abrima.com\/blog\/#\/schema\/logo\/image\/\"}},{\"@type\":\"WebSite\",\"@id\":\"https:\/\/www.abrima.com\/blog\/#website\",\"url\":\"https:\/\/www.abrima.com\/blog\/\",\"name\":\"Blog de Tecnolog\u00eda - Abrima\",\"description\":\"Blog sobre todo lo relacionado con Cloud, Marketing Digital y Web\",\"publisher\":{\"@id\":\"https:\/\/www.abrima.com\/blog\/#organization\"},\"potentialAction\":[{\"@type\":\"SearchAction\",\"target\":{\"@type\":\"EntryPoint\",\"urlTemplate\":\"https:\/\/www.abrima.com\/blog\/?s={search_term_string}\"},\"query-input\":\"required name=search_term_string\"}],\"inLanguage\":\"es\"},{\"@type\":\"ImageObject\",\"inLanguage\":\"es\",\"@id\":\"https:\/\/www.abrima.com\/blog\/samsung-muestra-la-escuela-digital-en-la-feria-del-libro\/#primaryimage\",\"url\":\"http:\/\/cdn1.ticbeat.com\/wp-content\/uploads\/2014\/06\/Samsung-School-2.jpg\",\"contentUrl\":\"http:\/\/cdn1.ticbeat.com\/wp-content\/uploads\/2014\/06\/Samsung-School-2.jpg\"},{\"@type\":\"WebPage\",\"@id\":\"https:\/\/www.abrima.com\/blog\/samsung-muestra-la-escuela-digital-en-la-feria-del-libro\/#webpage\",\"url\":\"https:\/\/www.abrima.com\/blog\/samsung-muestra-la-escuela-digital-en-la-feria-del-libro\/\",\"name\":\"Samsung muestra la \u201cescuela digital\u201d en la Feria del Libro - Blog de Tecnolog\u00eda - Abrima\",\"isPartOf\":{\"@id\":\"https:\/\/www.abrima.com\/blog\/#website\"},\"primaryImageOfPage\":{\"@id\":\"https:\/\/www.abrima.com\/blog\/samsung-muestra-la-escuela-digital-en-la-feria-del-libro\/#primaryimage\"},\"datePublished\":\"2014-06-03T21:30:12+00:00\",\"dateModified\":\"2014-06-03T21:30:12+00:00\",\"breadcrumb\":{\"@id\":\"https:\/\/www.abrima.com\/blog\/samsung-muestra-la-escuela-digital-en-la-feria-del-libro\/#breadcrumb\"},\"inLanguage\":\"es\",\"potentialAction\":[{\"@type\":\"ReadAction\",\"target\":[\"https:\/\/www.abrima.com\/blog\/samsung-muestra-la-escuela-digital-en-la-feria-del-libro\/\"]}]},{\"@type\":\"BreadcrumbList\",\"@id\":\"https:\/\/www.abrima.com\/blog\/samsung-muestra-la-escuela-digital-en-la-feria-del-libro\/#breadcrumb\",\"itemListElement\":[{\"@type\":\"ListItem\",\"position\":1,\"name\":\"Portada\",\"item\":\"https:\/\/www.abrima.com\/blog\/\"},{\"@type\":\"ListItem\",\"position\":2,\"name\":\"Samsung muestra la \u201cescuela digital\u201d en la Feria del Libro\"}]},{\"@type\":\"Article\",\"@id\":\"https:\/\/www.abrima.com\/blog\/samsung-muestra-la-escuela-digital-en-la-feria-del-libro\/#article\",\"isPartOf\":{\"@id\":\"https:\/\/www.abrima.com\/blog\/samsung-muestra-la-escuela-digital-en-la-feria-del-libro\/#webpage\"},\"author\":{\"@id\":\"https:\/\/www.abrima.com\/blog\/#\/schema\/person\/70ccd8d5617e3a3d6d5121086c3bb00f\"},\"headline\":\"Samsung muestra la \u201cescuela digital\u201d en la Feria del Libro\",\"datePublished\":\"2014-06-03T21:30:12+00:00\",\"dateModified\":\"2014-06-03T21:30:12+00:00\",\"mainEntityOfPage\":{\"@id\":\"https:\/\/www.abrima.com\/blog\/samsung-muestra-la-escuela-digital-en-la-feria-del-libro\/#webpage\"},\"wordCount\":359,\"commentCount\":0,\"publisher\":{\"@id\":\"https:\/\/www.abrima.com\/blog\/#organization\"},\"image\":{\"@id\":\"https:\/\/www.abrima.com\/blog\/samsung-muestra-la-escuela-digital-en-la-feria-del-libro\/#primaryimage\"},\"thumbnailUrl\":\"http:\/\/cdn1.ticbeat.com\/wp-content\/uploads\/2014\/06\/Samsung-School-2.jpg\",\"articleSection\":[\"Moviles\",\"Tecnolog\u00eda y Futuro\"],\"inLanguage\":\"es\",\"potentialAction\":[{\"@type\":\"CommentAction\",\"name\":\"Comment\",\"target\":[\"https:\/\/www.abrima.com\/blog\/samsung-muestra-la-escuela-digital-en-la-feria-del-libro\/#respond\"]}]},{\"@type\":\"Person\",\"@id\":\"https:\/\/www.abrima.com\/blog\/#\/schema\/person\/70ccd8d5617e3a3d6d5121086c3bb00f\",\"name\":\"Ana Lucia Marrou\",\"image\":{\"@type\":\"ImageObject\",\"inLanguage\":\"es\",\"@id\":\"https:\/\/www.abrima.com\/blog\/#\/schema\/person\/image\/\",\"url\":\"https:\/\/secure.gravatar.com\/avatar\/90bc8b721d14c58be266256fd3396265?s=96&d=mm&r=g\",\"contentUrl\":\"https:\/\/secure.gravatar.com\/avatar\/90bc8b721d14c58be266256fd3396265?s=96&d=mm&r=g\",\"caption\":\"Ana Lucia Marrou\"},\"url\":\"https:\/\/www.abrima.com\/blog\/author\/anilu\/\"}]}<\/script>\n<!-- \/ Yoast SEO plugin. -->","yoast_head_json":{"title":"Samsung muestra la \u201cescuela digital\u201d en la Feria del Libro - Blog de Tecnolog\u00eda - Abrima","robots":{"index":"index","follow":"follow","max-snippet":"max-snippet:-1","max-image-preview":"max-image-preview:large","max-video-preview":"max-video-preview:-1"},"canonical":"https:\/\/www.abrima.com\/blog\/samsung-muestra-la-escuela-digital-en-la-feria-del-libro\/","og_locale":"es_ES","og_type":"article","og_title":"Samsung muestra la \u201cescuela digital\u201d en la Feria del Libro - Blog de Tecnolog\u00eda - Abrima","og_description":"Con motivo de la\u00a0Feria del Libro\u00a0que se celebra en el Paseo de Coches del Parque del Retiro en Madrid,\u00a0Samsung est\u00e1 mostrando en un gran stand [&hellip;]","og_url":"https:\/\/www.abrima.com\/blog\/samsung-muestra-la-escuela-digital-en-la-feria-del-libro\/","og_site_name":"Blog de Tecnolog\u00eda - Abrima","article_publisher":"https:\/\/www.facebook.com\/abrimawebs\/","article_published_time":"2014-06-03T21:30:12+00:00","og_image":[{"url":"http:\/\/cdn1.ticbeat.com\/wp-content\/uploads\/2014\/06\/Samsung-School-2.jpg"}],"twitter_misc":{"Escrito por":"Ana Lucia Marrou","Tiempo de lectura":"2 minutos"},"schema":{"@context":"https:\/\/schema.org","@graph":[{"@type":"Organization","@id":"https:\/\/www.abrima.com\/blog\/#organization","name":"Abrima","url":"https:\/\/www.abrima.com\/blog\/","sameAs":["https:\/\/www.linkedin.com\/company\/abrima-soluciones-web\/","https:\/\/www.youtube.com\/user\/abrimawebs","https:\/\/www.facebook.com\/abrimawebs\/","https:\/\/twitter.com\/abrimaweb"],"logo":{"@type":"ImageObject","inLanguage":"es","@id":"https:\/\/www.abrima.com\/blog\/#\/schema\/logo\/image\/","url":"https:\/\/www.abrima.com\/blog\/wp-content\/uploads\/2018\/03\/abrima-logo.png","contentUrl":"https:\/\/www.abrima.com\/blog\/wp-content\/uploads\/2018\/03\/abrima-logo.png","width":700,"height":700,"caption":"Abrima"},"image":{"@id":"https:\/\/www.abrima.com\/blog\/#\/schema\/logo\/image\/"}},{"@type":"WebSite","@id":"https:\/\/www.abrima.com\/blog\/#website","url":"https:\/\/www.abrima.com\/blog\/","name":"Blog de Tecnolog\u00eda - Abrima","description":"Blog sobre todo lo relacionado con Cloud, Marketing Digital y Web","publisher":{"@id":"https:\/\/www.abrima.com\/blog\/#organization"},"potentialAction":[{"@type":"SearchAction","target":{"@type":"EntryPoint","urlTemplate":"https:\/\/www.abrima.com\/blog\/?s={search_term_string}"},"query-input":"required name=search_term_string"}],"inLanguage":"es"},{"@type":"ImageObject","inLanguage":"es","@id":"https:\/\/www.abrima.com\/blog\/samsung-muestra-la-escuela-digital-en-la-feria-del-libro\/#primaryimage","url":"http:\/\/cdn1.ticbeat.com\/wp-content\/uploads\/2014\/06\/Samsung-School-2.jpg","contentUrl":"http:\/\/cdn1.ticbeat.com\/wp-content\/uploads\/2014\/06\/Samsung-School-2.jpg"},{"@type":"WebPage","@id":"https:\/\/www.abrima.com\/blog\/samsung-muestra-la-escuela-digital-en-la-feria-del-libro\/#webpage","url":"https:\/\/www.abrima.com\/blog\/samsung-muestra-la-escuela-digital-en-la-feria-del-libro\/","name":"Samsung muestra la \u201cescuela digital\u201d en la Feria del Libro - Blog de Tecnolog\u00eda - Abrima","isPartOf":{"@id":"https:\/\/www.abrima.com\/blog\/#website"},"primaryImageOfPage":{"@id":"https:\/\/www.abrima.com\/blog\/samsung-muestra-la-escuela-digital-en-la-feria-del-libro\/#primaryimage"},"datePublished":"2014-06-03T21:30:12+00:00","dateModified":"2014-06-03T21:30:12+00:00","breadcrumb":{"@id":"https:\/\/www.abrima.com\/blog\/samsung-muestra-la-escuela-digital-en-la-feria-del-libro\/#breadcrumb"},"inLanguage":"es","potentialAction":[{"@type":"ReadAction","target":["https:\/\/www.abrima.com\/blog\/samsung-muestra-la-escuela-digital-en-la-feria-del-libro\/"]}]},{"@type":"BreadcrumbList","@id":"https:\/\/www.abrima.com\/blog\/samsung-muestra-la-escuela-digital-en-la-feria-del-libro\/#breadcrumb","itemListElement":[{"@type":"ListItem","position":1,"name":"Portada","item":"https:\/\/www.abrima.com\/blog\/"},{"@type":"ListItem","position":2,"name":"Samsung muestra la \u201cescuela digital\u201d en la Feria del Libro"}]},{"@type":"Article","@id":"https:\/\/www.abrima.com\/blog\/samsung-muestra-la-escuela-digital-en-la-feria-del-libro\/#article","isPartOf":{"@id":"https:\/\/www.abrima.com\/blog\/samsung-muestra-la-escuela-digital-en-la-feria-del-libro\/#webpage"},"author":{"@id":"https:\/\/www.abrima.com\/blog\/#\/schema\/person\/70ccd8d5617e3a3d6d5121086c3bb00f"},"headline":"Samsung muestra la \u201cescuela digital\u201d en la Feria del Libro","datePublished":"2014-06-03T21:30:12+00:00","dateModified":"2014-06-03T21:30:12+00:00","mainEntityOfPage":{"@id":"https:\/\/www.abrima.com\/blog\/samsung-muestra-la-escuela-digital-en-la-feria-del-libro\/#webpage"},"wordCount":359,"commentCount":0,"publisher":{"@id":"https:\/\/www.abrima.com\/blog\/#organization"},"image":{"@id":"https:\/\/www.abrima.com\/blog\/samsung-muestra-la-escuela-digital-en-la-feria-del-libro\/#primaryimage"},"thumbnailUrl":"http:\/\/cdn1.ticbeat.com\/wp-content\/uploads\/2014\/06\/Samsung-School-2.jpg","articleSection":["Moviles","Tecnolog\u00eda y Futuro"],"inLanguage":"es","potentialAction":[{"@type":"CommentAction","name":"Comment","target":["https:\/\/www.abrima.com\/blog\/samsung-muestra-la-escuela-digital-en-la-feria-del-libro\/#respond"]}]},{"@type":"Person","@id":"https:\/\/www.abrima.com\/blog\/#\/schema\/person\/70ccd8d5617e3a3d6d5121086c3bb00f","name":"Ana Lucia Marrou","image":{"@type":"ImageObject","inLanguage":"es","@id":"https:\/\/www.abrima.com\/blog\/#\/schema\/person\/image\/","url":"https:\/\/secure.gravatar.com\/avatar\/90bc8b721d14c58be266256fd3396265?s=96&d=mm&r=g","contentUrl":"https:\/\/secure.gravatar.com\/avatar\/90bc8b721d14c58be266256fd3396265?s=96&d=mm&r=g","caption":"Ana Lucia Marrou"},"url":"https:\/\/www.abrima.com\/blog\/author\/anilu\/"}]}},"amp_enabled":true,"_links":{"self":[{"href":"https:\/\/www.abrima.com\/blog\/wp-json\/wp\/v2\/posts\/1619"}],"collection":[{"href":"https:\/\/www.abrima.com\/blog\/wp-json\/wp\/v2\/posts"}],"about":[{"href":"https:\/\/www.abrima.com\/blog\/wp-json\/wp\/v2\/types\/post"}],"author":[{"embeddable":true,"href":"https:\/\/www.abrima.com\/blog\/wp-json\/wp\/v2\/users\/2"}],"replies":[{"embeddable":true,"href":"https:\/\/www.abrima.com\/blog\/wp-json\/wp\/v2\/comments?post=1619"}],"version-history":[{"count":1,"href":"https:\/\/www.abrima.com\/blog\/wp-json\/wp\/v2\/posts\/1619\/revisions"}],"predecessor-version":[{"id":1620,"href":"https:\/\/www.abrima.com\/blog\/wp-json\/wp\/v2\/posts\/1619\/revisions\/1620"}],"wp:attachment":[{"href":"https:\/\/www.abrima.com\/blog\/wp-json\/wp\/v2\/media?parent=1619"}],"wp:term":[{"taxonomy":"category","embeddable":true,"href":"https:\/\/www.abrima.com\/blog\/wp-json\/wp\/v2\/categories?post=1619"},{"taxonomy":"post_tag","embeddable":true,"href":"https:\/\/www.abrima.com\/blog\/wp-json\/wp\/v2\/tags?post=1619"}],"curies":[{"name":"wp","href":"https:\/\/api.w.org\/{rel}","templated":true}]}}