{"id":125,"date":"2013-09-24T12:16:59","date_gmt":"2013-09-24T12:16:59","guid":{"rendered":"http:\/\/abrima.com\/blog\/?p=125"},"modified":"2013-10-19T04:46:00","modified_gmt":"2013-10-19T04:46:00","slug":"google-migrara-todos-los-usuarios-de-gmail-la-nueva-ventana-de-composicion-de-mensajes","status":"publish","type":"post","link":"https:\/\/www.abrima.com\/blog\/google-migrara-todos-los-usuarios-de-gmail-la-nueva-ventana-de-composicion-de-mensajes\/","title":{"rendered":"Google migrar\u00e1 a todos los usuarios de GMail a la nueva ventana de composici\u00f3n de mensajes"},"content":{"rendered":"<p><img loading=\"lazy\" alt=\"Compositor de mensajes\" src=\"http:\/\/wwwhatsnew.com\/wp-content\/uploads\/2013\/08\/newcompose-600x337.png\" width=\"600\" height=\"337\" \/><\/p>\n<p>Semanas atr\u00e1s, ya os comentamos que Google lanz\u00f3 la opci\u00f3n de pantalla completa en su nueva ventana de redacci\u00f3n de correos electr\u00f3nicos en GMail, y ahora anuncian la eliminaci\u00f3n del antiguo sistema de redacci\u00f3n de correos en los pr\u00f3ximos d\u00edas, por lo que todos los usuarios ser\u00e1n llevados al nuevo sistema, el cual fue lanzado por primera vez el pasado mes de octubre de 2012, aunque no fue del agrado de todos los usuarios, por lo que han tenido que realizar una serie de mejoras, introducidas en el pasado mes de Marzo del presente a\u00f1o.<\/p>\n<p>Seg\u00fan publica en el propio anuncio, a trav\u00e9s de su perfil en Google+, las nuevas ventanas de redacci\u00f3n se pueden abrir de manera minimizada, de manera que permita a los usuarios hacer seguimiento de los nuevos mensajes de correo electr\u00f3nico que van llegando, y a su vez, pueden disponer de varios borradores de correos simult\u00e1neamente. Adem\u00e1s, aconseja a aquellos que desean tener la nueva ventana a pantalla completa, le den al bot\u00f3n de expansi\u00f3n, situado en la parte superior derecha, pudiendo configurarlo posteriormente como predeterminado.<\/p>\n<p>As\u00ed que todos aquellos usuarios que usen el sistema antiguo, ya deben saber que ser\u00e1n migrados al nuevo sin opci\u00f3n de volver hacia atr\u00e1s, debiendo acostumbrarse al nuevo sistema, siendo la opci\u00f3n a pantalla completa la opci\u00f3n m\u00e1s cercana al sistema que usan en la actualidad y que est\u00e1 a punto de ser eliminado de manera definitiva.<\/p>\n","protected":false},"excerpt":{"rendered":"<p>Semanas atr\u00e1s, ya os comentamos que Google lanz\u00f3 la opci\u00f3n de pantalla completa en su nueva ventana de redacci\u00f3n de correos electr\u00f3nicos en GMail, y [&hellip;]<\/p>\n","protected":false},"author":2,"featured_media":0,"comment_status":"open","ping_status":"open","sticky":false,"template":"","format":"standard","meta":{"_monsterinsights_skip_tracking":false,"_monsterinsights_sitenote_active":false,"_monsterinsights_sitenote_note":"","_monsterinsights_sitenote_category":0},"categories":[11],"tags":[],"yoast_head":"<!-- This site is optimized with the Yoast SEO plugin v19.1 - https:\/\/yoast.com\/wordpress\/plugins\/seo\/ -->\n<title>Google migrar\u00e1 a todos los usuarios de GMail a la nueva ventana de composici\u00f3n de mensajes - Blog de Tecnolog\u00eda - Abrima<\/title>\n<meta name=\"robots\" content=\"index, follow, max-snippet:-1, max-image-preview:large, max-video-preview:-1\" \/>\n<link rel=\"canonical\" href=\"https:\/\/www.abrima.com\/blog\/google-migrara-todos-los-usuarios-de-gmail-la-nueva-ventana-de-composicion-de-mensajes\/\" \/>\n<meta property=\"og:locale\" content=\"es_ES\" \/>\n<meta property=\"og:type\" content=\"article\" \/>\n<meta property=\"og:title\" content=\"Google migrar\u00e1 a todos los usuarios de GMail a la nueva ventana de composici\u00f3n de mensajes - Blog de Tecnolog\u00eda - Abrima\" \/>\n<meta property=\"og:description\" content=\"Semanas atr\u00e1s, ya os comentamos que Google lanz\u00f3 la opci\u00f3n de pantalla completa en su nueva ventana de redacci\u00f3n de correos electr\u00f3nicos en GMail, y [&hellip;]\" \/>\n<meta property=\"og:url\" content=\"https:\/\/www.abrima.com\/blog\/google-migrara-todos-los-usuarios-de-gmail-la-nueva-ventana-de-composicion-de-mensajes\/\" \/>\n<meta property=\"og:site_name\" content=\"Blog de Tecnolog\u00eda - Abrima\" \/>\n<meta property=\"article:publisher\" content=\"https:\/\/www.facebook.com\/abrimawebs\/\" \/>\n<meta property=\"article:published_time\" content=\"2013-09-24T12:16:59+00:00\" \/>\n<meta property=\"article:modified_time\" content=\"2013-10-19T04:46:00+00:00\" \/>\n<meta property=\"og:image\" content=\"http:\/\/wwwhatsnew.com\/wp-content\/uploads\/2013\/08\/newcompose-600x337.png\" \/>\n<meta name=\"twitter:label1\" content=\"Escrito por\" \/>\n\t<meta name=\"twitter:data1\" content=\"Ana Lucia Marrou\" \/>\n\t<meta name=\"twitter:label2\" content=\"Tiempo de lectura\" \/>\n\t<meta name=\"twitter:data2\" content=\"1 minuto\" \/>\n<script type=\"application\/ld+json\" class=\"yoast-schema-graph\">{\"@context\":\"https:\/\/schema.org\",\"@graph\":[{\"@type\":\"Organization\",\"@id\":\"https:\/\/www.abrima.com\/blog\/#organization\",\"name\":\"Abrima\",\"url\":\"https:\/\/www.abrima.com\/blog\/\",\"sameAs\":[\"https:\/\/www.linkedin.com\/company\/abrima-soluciones-web\/\",\"https:\/\/www.youtube.com\/user\/abrimawebs\",\"https:\/\/www.facebook.com\/abrimawebs\/\",\"https:\/\/twitter.com\/abrimaweb\"],\"logo\":{\"@type\":\"ImageObject\",\"inLanguage\":\"es\",\"@id\":\"https:\/\/www.abrima.com\/blog\/#\/schema\/logo\/image\/\",\"url\":\"https:\/\/www.abrima.com\/blog\/wp-content\/uploads\/2018\/03\/abrima-logo.png\",\"contentUrl\":\"https:\/\/www.abrima.com\/blog\/wp-content\/uploads\/2018\/03\/abrima-logo.png\",\"width\":700,\"height\":700,\"caption\":\"Abrima\"},\"image\":{\"@id\":\"https:\/\/www.abrima.com\/blog\/#\/schema\/logo\/image\/\"}},{\"@type\":\"WebSite\",\"@id\":\"https:\/\/www.abrima.com\/blog\/#website\",\"url\":\"https:\/\/www.abrima.com\/blog\/\",\"name\":\"Blog de Tecnolog\u00eda - Abrima\",\"description\":\"Blog sobre todo lo relacionado con Cloud, Marketing Digital y Web\",\"publisher\":{\"@id\":\"https:\/\/www.abrima.com\/blog\/#organization\"},\"potentialAction\":[{\"@type\":\"SearchAction\",\"target\":{\"@type\":\"EntryPoint\",\"urlTemplate\":\"https:\/\/www.abrima.com\/blog\/?s={search_term_string}\"},\"query-input\":\"required name=search_term_string\"}],\"inLanguage\":\"es\"},{\"@type\":\"ImageObject\",\"inLanguage\":\"es\",\"@id\":\"https:\/\/www.abrima.com\/blog\/google-migrara-todos-los-usuarios-de-gmail-la-nueva-ventana-de-composicion-de-mensajes\/#primaryimage\",\"url\":\"http:\/\/wwwhatsnew.com\/wp-content\/uploads\/2013\/08\/newcompose-600x337.png\",\"contentUrl\":\"http:\/\/wwwhatsnew.com\/wp-content\/uploads\/2013\/08\/newcompose-600x337.png\"},{\"@type\":\"WebPage\",\"@id\":\"https:\/\/www.abrima.com\/blog\/google-migrara-todos-los-usuarios-de-gmail-la-nueva-ventana-de-composicion-de-mensajes\/#webpage\",\"url\":\"https:\/\/www.abrima.com\/blog\/google-migrara-todos-los-usuarios-de-gmail-la-nueva-ventana-de-composicion-de-mensajes\/\",\"name\":\"Google migrar\u00e1 a todos los usuarios de GMail a la nueva ventana de composici\u00f3n de mensajes - Blog de Tecnolog\u00eda - Abrima\",\"isPartOf\":{\"@id\":\"https:\/\/www.abrima.com\/blog\/#website\"},\"primaryImageOfPage\":{\"@id\":\"https:\/\/www.abrima.com\/blog\/google-migrara-todos-los-usuarios-de-gmail-la-nueva-ventana-de-composicion-de-mensajes\/#primaryimage\"},\"datePublished\":\"2013-09-24T12:16:59+00:00\",\"dateModified\":\"2013-10-19T04:46:00+00:00\",\"breadcrumb\":{\"@id\":\"https:\/\/www.abrima.com\/blog\/google-migrara-todos-los-usuarios-de-gmail-la-nueva-ventana-de-composicion-de-mensajes\/#breadcrumb\"},\"inLanguage\":\"es\",\"potentialAction\":[{\"@type\":\"ReadAction\",\"target\":[\"https:\/\/www.abrima.com\/blog\/google-migrara-todos-los-usuarios-de-gmail-la-nueva-ventana-de-composicion-de-mensajes\/\"]}]},{\"@type\":\"BreadcrumbList\",\"@id\":\"https:\/\/www.abrima.com\/blog\/google-migrara-todos-los-usuarios-de-gmail-la-nueva-ventana-de-composicion-de-mensajes\/#breadcrumb\",\"itemListElement\":[{\"@type\":\"ListItem\",\"position\":1,\"name\":\"Portada\",\"item\":\"https:\/\/www.abrima.com\/blog\/\"},{\"@type\":\"ListItem\",\"position\":2,\"name\":\"Google migrar\u00e1 a todos los usuarios de GMail a la nueva ventana de composici\u00f3n de mensajes\"}]},{\"@type\":\"Article\",\"@id\":\"https:\/\/www.abrima.com\/blog\/google-migrara-todos-los-usuarios-de-gmail-la-nueva-ventana-de-composicion-de-mensajes\/#article\",\"isPartOf\":{\"@id\":\"https:\/\/www.abrima.com\/blog\/google-migrara-todos-los-usuarios-de-gmail-la-nueva-ventana-de-composicion-de-mensajes\/#webpage\"},\"author\":{\"@id\":\"https:\/\/www.abrima.com\/blog\/#\/schema\/person\/70ccd8d5617e3a3d6d5121086c3bb00f\"},\"headline\":\"Google migrar\u00e1 a todos los usuarios de GMail a la nueva ventana de composici\u00f3n de mensajes\",\"datePublished\":\"2013-09-24T12:16:59+00:00\",\"dateModified\":\"2013-10-19T04:46:00+00:00\",\"mainEntityOfPage\":{\"@id\":\"https:\/\/www.abrima.com\/blog\/google-migrara-todos-los-usuarios-de-gmail-la-nueva-ventana-de-composicion-de-mensajes\/#webpage\"},\"wordCount\":277,\"commentCount\":0,\"publisher\":{\"@id\":\"https:\/\/www.abrima.com\/blog\/#organization\"},\"image\":{\"@id\":\"https:\/\/www.abrima.com\/blog\/google-migrara-todos-los-usuarios-de-gmail-la-nueva-ventana-de-composicion-de-mensajes\/#primaryimage\"},\"thumbnailUrl\":\"http:\/\/wwwhatsnew.com\/wp-content\/uploads\/2013\/08\/newcompose-600x337.png\",\"articleSection\":[\"Google Apps\"],\"inLanguage\":\"es\",\"potentialAction\":[{\"@type\":\"CommentAction\",\"name\":\"Comment\",\"target\":[\"https:\/\/www.abrima.com\/blog\/google-migrara-todos-los-usuarios-de-gmail-la-nueva-ventana-de-composicion-de-mensajes\/#respond\"]}]},{\"@type\":\"Person\",\"@id\":\"https:\/\/www.abrima.com\/blog\/#\/schema\/person\/70ccd8d5617e3a3d6d5121086c3bb00f\",\"name\":\"Ana Lucia Marrou\",\"image\":{\"@type\":\"ImageObject\",\"inLanguage\":\"es\",\"@id\":\"https:\/\/www.abrima.com\/blog\/#\/schema\/person\/image\/\",\"url\":\"https:\/\/secure.gravatar.com\/avatar\/90bc8b721d14c58be266256fd3396265?s=96&d=mm&r=g\",\"contentUrl\":\"https:\/\/secure.gravatar.com\/avatar\/90bc8b721d14c58be266256fd3396265?s=96&d=mm&r=g\",\"caption\":\"Ana Lucia Marrou\"},\"url\":\"https:\/\/www.abrima.com\/blog\/author\/anilu\/\"}]}<\/script>\n<!-- \/ Yoast SEO plugin. -->","yoast_head_json":{"title":"Google migrar\u00e1 a todos los usuarios de GMail a la nueva ventana de composici\u00f3n de mensajes - Blog de Tecnolog\u00eda - Abrima","robots":{"index":"index","follow":"follow","max-snippet":"max-snippet:-1","max-image-preview":"max-image-preview:large","max-video-preview":"max-video-preview:-1"},"canonical":"https:\/\/www.abrima.com\/blog\/google-migrara-todos-los-usuarios-de-gmail-la-nueva-ventana-de-composicion-de-mensajes\/","og_locale":"es_ES","og_type":"article","og_title":"Google migrar\u00e1 a todos los usuarios de GMail a la nueva ventana de composici\u00f3n de mensajes - Blog de Tecnolog\u00eda - Abrima","og_description":"Semanas atr\u00e1s, ya os comentamos que Google lanz\u00f3 la opci\u00f3n de pantalla completa en su nueva ventana de redacci\u00f3n de correos electr\u00f3nicos en GMail, y [&hellip;]","og_url":"https:\/\/www.abrima.com\/blog\/google-migrara-todos-los-usuarios-de-gmail-la-nueva-ventana-de-composicion-de-mensajes\/","og_site_name":"Blog de Tecnolog\u00eda - Abrima","article_publisher":"https:\/\/www.facebook.com\/abrimawebs\/","article_published_time":"2013-09-24T12:16:59+00:00","article_modified_time":"2013-10-19T04:46:00+00:00","og_image":[{"url":"http:\/\/wwwhatsnew.com\/wp-content\/uploads\/2013\/08\/newcompose-600x337.png"}],"twitter_misc":{"Escrito por":"Ana Lucia Marrou","Tiempo de lectura":"1 minuto"},"schema":{"@context":"https:\/\/schema.org","@graph":[{"@type":"Organization","@id":"https:\/\/www.abrima.com\/blog\/#organization","name":"Abrima","url":"https:\/\/www.abrima.com\/blog\/","sameAs":["https:\/\/www.linkedin.com\/company\/abrima-soluciones-web\/","https:\/\/www.youtube.com\/user\/abrimawebs","https:\/\/www.facebook.com\/abrimawebs\/","https:\/\/twitter.com\/abrimaweb"],"logo":{"@type":"ImageObject","inLanguage":"es","@id":"https:\/\/www.abrima.com\/blog\/#\/schema\/logo\/image\/","url":"https:\/\/www.abrima.com\/blog\/wp-content\/uploads\/2018\/03\/abrima-logo.png","contentUrl":"https:\/\/www.abrima.com\/blog\/wp-content\/uploads\/2018\/03\/abrima-logo.png","width":700,"height":700,"caption":"Abrima"},"image":{"@id":"https:\/\/www.abrima.com\/blog\/#\/schema\/logo\/image\/"}},{"@type":"WebSite","@id":"https:\/\/www.abrima.com\/blog\/#website","url":"https:\/\/www.abrima.com\/blog\/","name":"Blog de Tecnolog\u00eda - Abrima","description":"Blog sobre todo lo relacionado con Cloud, Marketing Digital y Web","publisher":{"@id":"https:\/\/www.abrima.com\/blog\/#organization"},"potentialAction":[{"@type":"SearchAction","target":{"@type":"EntryPoint","urlTemplate":"https:\/\/www.abrima.com\/blog\/?s={search_term_string}"},"query-input":"required name=search_term_string"}],"inLanguage":"es"},{"@type":"ImageObject","inLanguage":"es","@id":"https:\/\/www.abrima.com\/blog\/google-migrara-todos-los-usuarios-de-gmail-la-nueva-ventana-de-composicion-de-mensajes\/#primaryimage","url":"http:\/\/wwwhatsnew.com\/wp-content\/uploads\/2013\/08\/newcompose-600x337.png","contentUrl":"http:\/\/wwwhatsnew.com\/wp-content\/uploads\/2013\/08\/newcompose-600x337.png"},{"@type":"WebPage","@id":"https:\/\/www.abrima.com\/blog\/google-migrara-todos-los-usuarios-de-gmail-la-nueva-ventana-de-composicion-de-mensajes\/#webpage","url":"https:\/\/www.abrima.com\/blog\/google-migrara-todos-los-usuarios-de-gmail-la-nueva-ventana-de-composicion-de-mensajes\/","name":"Google migrar\u00e1 a todos los usuarios de GMail a la nueva ventana de composici\u00f3n de mensajes - Blog de Tecnolog\u00eda - Abrima","isPartOf":{"@id":"https:\/\/www.abrima.com\/blog\/#website"},"primaryImageOfPage":{"@id":"https:\/\/www.abrima.com\/blog\/google-migrara-todos-los-usuarios-de-gmail-la-nueva-ventana-de-composicion-de-mensajes\/#primaryimage"},"datePublished":"2013-09-24T12:16:59+00:00","dateModified":"2013-10-19T04:46:00+00:00","breadcrumb":{"@id":"https:\/\/www.abrima.com\/blog\/google-migrara-todos-los-usuarios-de-gmail-la-nueva-ventana-de-composicion-de-mensajes\/#breadcrumb"},"inLanguage":"es","potentialAction":[{"@type":"ReadAction","target":["https:\/\/www.abrima.com\/blog\/google-migrara-todos-los-usuarios-de-gmail-la-nueva-ventana-de-composicion-de-mensajes\/"]}]},{"@type":"BreadcrumbList","@id":"https:\/\/www.abrima.com\/blog\/google-migrara-todos-los-usuarios-de-gmail-la-nueva-ventana-de-composicion-de-mensajes\/#breadcrumb","itemListElement":[{"@type":"ListItem","position":1,"name":"Portada","item":"https:\/\/www.abrima.com\/blog\/"},{"@type":"ListItem","position":2,"name":"Google migrar\u00e1 a todos los usuarios de GMail a la nueva ventana de composici\u00f3n de mensajes"}]},{"@type":"Article","@id":"https:\/\/www.abrima.com\/blog\/google-migrara-todos-los-usuarios-de-gmail-la-nueva-ventana-de-composicion-de-mensajes\/#article","isPartOf":{"@id":"https:\/\/www.abrima.com\/blog\/google-migrara-todos-los-usuarios-de-gmail-la-nueva-ventana-de-composicion-de-mensajes\/#webpage"},"author":{"@id":"https:\/\/www.abrima.com\/blog\/#\/schema\/person\/70ccd8d5617e3a3d6d5121086c3bb00f"},"headline":"Google migrar\u00e1 a todos los usuarios de GMail a la nueva ventana de composici\u00f3n de mensajes","datePublished":"2013-09-24T12:16:59+00:00","dateModified":"2013-10-19T04:46:00+00:00","mainEntityOfPage":{"@id":"https:\/\/www.abrima.com\/blog\/google-migrara-todos-los-usuarios-de-gmail-la-nueva-ventana-de-composicion-de-mensajes\/#webpage"},"wordCount":277,"commentCount":0,"publisher":{"@id":"https:\/\/www.abrima.com\/blog\/#organization"},"image":{"@id":"https:\/\/www.abrima.com\/blog\/google-migrara-todos-los-usuarios-de-gmail-la-nueva-ventana-de-composicion-de-mensajes\/#primaryimage"},"thumbnailUrl":"http:\/\/wwwhatsnew.com\/wp-content\/uploads\/2013\/08\/newcompose-600x337.png","articleSection":["Google Apps"],"inLanguage":"es","potentialAction":[{"@type":"CommentAction","name":"Comment","target":["https:\/\/www.abrima.com\/blog\/google-migrara-todos-los-usuarios-de-gmail-la-nueva-ventana-de-composicion-de-mensajes\/#respond"]}]},{"@type":"Person","@id":"https:\/\/www.abrima.com\/blog\/#\/schema\/person\/70ccd8d5617e3a3d6d5121086c3bb00f","name":"Ana Lucia Marrou","image":{"@type":"ImageObject","inLanguage":"es","@id":"https:\/\/www.abrima.com\/blog\/#\/schema\/person\/image\/","url":"https:\/\/secure.gravatar.com\/avatar\/90bc8b721d14c58be266256fd3396265?s=96&d=mm&r=g","contentUrl":"https:\/\/secure.gravatar.com\/avatar\/90bc8b721d14c58be266256fd3396265?s=96&d=mm&r=g","caption":"Ana Lucia Marrou"},"url":"https:\/\/www.abrima.com\/blog\/author\/anilu\/"}]}},"amp_enabled":true,"_links":{"self":[{"href":"https:\/\/www.abrima.com\/blog\/wp-json\/wp\/v2\/posts\/125"}],"collection":[{"href":"https:\/\/www.abrima.com\/blog\/wp-json\/wp\/v2\/posts"}],"about":[{"href":"https:\/\/www.abrima.com\/blog\/wp-json\/wp\/v2\/types\/post"}],"author":[{"embeddable":true,"href":"https:\/\/www.abrima.com\/blog\/wp-json\/wp\/v2\/users\/2"}],"replies":[{"embeddable":true,"href":"https:\/\/www.abrima.com\/blog\/wp-json\/wp\/v2\/comments?post=125"}],"version-history":[{"count":1,"href":"https:\/\/www.abrima.com\/blog\/wp-json\/wp\/v2\/posts\/125\/revisions"}],"predecessor-version":[{"id":126,"href":"https:\/\/www.abrima.com\/blog\/wp-json\/wp\/v2\/posts\/125\/revisions\/126"}],"wp:attachment":[{"href":"https:\/\/www.abrima.com\/blog\/wp-json\/wp\/v2\/media?parent=125"}],"wp:term":[{"taxonomy":"category","embeddable":true,"href":"https:\/\/www.abrima.com\/blog\/wp-json\/wp\/v2\/categories?post=125"},{"taxonomy":"post_tag","embeddable":true,"href":"https:\/\/www.abrima.com\/blog\/wp-json\/wp\/v2\/tags?post=125"}],"curies":[{"name":"wp","href":"https:\/\/api.w.org\/{rel}","templated":true}]}}