{"id":1191,"date":"2014-02-24T22:13:23","date_gmt":"2014-02-24T22:13:23","guid":{"rendered":"http:\/\/www.abrima.com\/blog\/?p=1191"},"modified":"2014-02-24T22:13:23","modified_gmt":"2014-02-24T22:13:23","slug":"estrategias-de-social-media-para-nuestros-eventos","status":"publish","type":"post","link":"https:\/\/www.abrima.com\/blog\/estrategias-de-social-media-para-nuestros-eventos\/","title":{"rendered":"Estrategias de \u2018social media\u2019 para nuestros eventos"},"content":{"rendered":"<div><img alt=\"\" src=\"http:\/\/cdn3.ticbeat.com\/wp-content\/uploads\/2014\/02\/shutterstock_1776335991-590x260.jpg\" \/><\/div>\n<p><center><\/p>\n<div><\/div>\n<div id=\"ebzNative\"><\/div>\n<p><\/center><strong>Cualquier tipo de evento es, por su propia naturaleza, un asunto social<\/strong>: la gente desea conectarse, interactuar y compartir con los dem\u00e1s. Y esto se aplica tanto a los asistentes del mismo como a los que lo siguen de cerca desde las redes sociales.<\/p>\n<p>El\u00a0<em>social media<\/em>\u00a0es un recurso fundamental durante la promoci\u00f3n y desarrollo de cualquier tipo de eventos (desde grandes ferias a meros\u00a0<em>webinars<\/em>), y\u00a0<strong>cada uno de los posibles canales (Facebook, Twitter, Linkedin, nuestro\u00a0<em>blog<\/em>) puede servir para un objetivo diferenciado<\/strong>(desde atraer clientes a nuestro stand hasta permitir la participaci\u00f3n a distancia de los internautas en un coloquio presencial).<\/p>\n<h2>Generar \u2018buzz\u2019 y conectar con el p\u00fablico<\/h2>\n<p>La promoci\u00f3n previa al evento puede basarse en diversas estrategias diferentes: desde la publicaci\u00f3n de\u00a0<em>posts<\/em>\u00a0en nuestro\u00a0<em>blog<\/em>\u00a0que est\u00e9n relacionados con la tem\u00e1tica del evento e incluyan un enlace al mismo, hasta el establecimiento y uso de un\u00a0<em>hashtag<\/em>, o la difusi\u00f3n de im\u00e1genes e infograf\u00edas relacionadas.\u00a0<strong>Debemos tener claro que el \u201cbuzz\u201d no se genera solo: tenemos que tener un papel activo<\/strong>\u00a0desde nuestros perfiles sociales, promocionando el evento en nuestros muros y participando en la conversaci\u00f3n generada.<\/p>\n<h2>Facebook<\/h2>\n<p>La mayor\u00eda de asistentes a nuestros eventos estar\u00e1n familiarizados con Facebook y acostumbrados a interactuar con sus p\u00e1ginas de marcas. Si ya son fans de la nuestra, eso nos proporciona la posibilidad de contar con una audiencia implicada en todas las etapas del desarrollo de nuestro evento.<\/p>\n<p>Si no lo son, Facebook nos dota de otra herramienta destacable: los \u201cEventos\u201d, que nos permiten difundir el nuestro a trav\u00e9s de redes de confianza (nuestros amigos y fans invitar\u00e1n a sus propios amigos, que ver\u00e1n la invitaci\u00f3n como una informaci\u00f3n confiable). Adem\u00e1s, esta herramienta nos permitir\u00e1 colgar fotos, v\u00eddeos y enlaces, as\u00ed como generar encuestas, lo que nos facilita aumentar la implicaci\u00f3n de nuestro p\u00fablico en el evento que estamos organizando.<\/p>\n<h2>Twitter<\/h2>\n<p>La ventaja de Twitter es su simplicidad y brevedad. Nos permite lanzar r\u00e1pidamente mensajes concretos a nuestro p\u00fablico (anuncios, declaraciones, enlaces), y facilitar su localizaci\u00f3n (y visualizaci\u00f3n como evento) a trav\u00e9s de los\u00a0<em>hashtags<\/em>. Y \u00e9stos no sirven s\u00f3lo para identificar nuestros mensajes, tambi\u00e9n la conversaci\u00f3n generada en torno al evento.<\/p>\n<p>La diferencia de enfoque con respecto a Facebook, al ser Twitter una red m\u00e1s p\u00fablica, permite incorporar un nuevo p\u00fablico a trav\u00e9s del \u201cboca a boca\u201d, pero tambi\u00e9n permite que\u00a0<a title=\"Gesti\u00f3n de crisis de reputaci\u00f3n on-line\" href=\"http:\/\/www.ticbeat.com\/socialmedia\/11-consejos-gestionar-crisis-online\/\">las crisis de reputaci\u00f3n<\/a>\u00a0se extiendan m\u00e1s r\u00e1pido. Es fundamental, por tanto, monitorizar en todo momento las referencias al evento en esta red.<\/p>\n<h2>Linkedin<\/h2>\n<p>De las grandes redes sociales, es la que se dirige a un p\u00fablico m\u00e1s profesional. Esto puede restringir su uso en la estrategia\u00a0<em>social media<\/em>\u00a0de nuestro evento, en base a la naturaleza del mismo. Si nuestro evento se corresponde con un perfil profesional (conferencias de negocios, encuentros de\u00a0<em>networking<\/em>, etc.), Linkedin se convertir\u00e1 en una herramienta muy valiosa para promocionarlo.<\/p>\n<p>Resultar\u00e1 \u00fatil, por ejemplo, tener localizados y estar presente en los grupos relacionados con la tem\u00e1tica de nuestro evento, para poder acceder directamente a nuestro p\u00fablico y poder mantener el contacto con el mismo tras el evento.<\/p>\n<p><a href=\"http:\/\/www.shutterstock.com\/es\/pic-177633599\/stock-photo-calendar-with-stopwatch-on-red-and-blue-striped-background-vintage-concept-in-flat-design.html?src=lChBHa61c--oIK78BDfCzw-1-27\">Imagen<\/a>\u00a0extra\u00edda de Shutterstock<\/p>\n<p>Fuente: <a href=\"http:\/\/www.ticbeat.com\/socialmedia\/estrategias-de-social-media-para-nuestros-eventos\/\">Ticbeat<\/a><\/p>\n","protected":false},"excerpt":{"rendered":"<p>Cualquier tipo de evento es, por su propia naturaleza, un asunto social: la gente desea conectarse, interactuar y compartir con los dem\u00e1s. Y esto se [&hellip;]<\/p>\n","protected":false},"author":1,"featured_media":0,"comment_status":"open","ping_status":"open","sticky":false,"template":"","format":"standard","meta":{"_monsterinsights_skip_tracking":false,"_monsterinsights_sitenote_active":false,"_monsterinsights_sitenote_note":"","_monsterinsights_sitenote_category":0},"categories":[16],"tags":[],"yoast_head":"<!-- This site is optimized with the Yoast SEO plugin v19.1 - https:\/\/yoast.com\/wordpress\/plugins\/seo\/ -->\n<title>Estrategias de \u2018social media\u2019 para nuestros eventos - Blog de Tecnolog\u00eda - Abrima<\/title>\n<meta name=\"robots\" content=\"index, follow, max-snippet:-1, max-image-preview:large, max-video-preview:-1\" \/>\n<link rel=\"canonical\" href=\"https:\/\/www.abrima.com\/blog\/estrategias-de-social-media-para-nuestros-eventos\/\" \/>\n<meta property=\"og:locale\" content=\"es_ES\" \/>\n<meta property=\"og:type\" content=\"article\" \/>\n<meta property=\"og:title\" content=\"Estrategias de \u2018social media\u2019 para nuestros eventos - Blog de Tecnolog\u00eda - Abrima\" \/>\n<meta property=\"og:description\" content=\"Cualquier tipo de evento es, por su propia naturaleza, un asunto social: la gente desea conectarse, interactuar y compartir con los dem\u00e1s. Y esto se [&hellip;]\" \/>\n<meta property=\"og:url\" content=\"https:\/\/www.abrima.com\/blog\/estrategias-de-social-media-para-nuestros-eventos\/\" \/>\n<meta property=\"og:site_name\" content=\"Blog de Tecnolog\u00eda - Abrima\" \/>\n<meta property=\"article:publisher\" content=\"https:\/\/www.facebook.com\/abrimawebs\/\" \/>\n<meta property=\"article:published_time\" content=\"2014-02-24T22:13:23+00:00\" \/>\n<meta property=\"og:image\" content=\"http:\/\/cdn3.ticbeat.com\/wp-content\/uploads\/2014\/02\/shutterstock_1776335991-590x260.jpg\" \/>\n<meta name=\"twitter:label1\" content=\"Escrito por\" \/>\n\t<meta name=\"twitter:data1\" content=\"Abrima\" \/>\n\t<meta name=\"twitter:label2\" content=\"Tiempo de lectura\" \/>\n\t<meta name=\"twitter:data2\" content=\"3 minutos\" \/>\n<script type=\"application\/ld+json\" class=\"yoast-schema-graph\">{\"@context\":\"https:\/\/schema.org\",\"@graph\":[{\"@type\":\"Organization\",\"@id\":\"https:\/\/www.abrima.com\/blog\/#organization\",\"name\":\"Abrima\",\"url\":\"https:\/\/www.abrima.com\/blog\/\",\"sameAs\":[\"https:\/\/www.linkedin.com\/company\/abrima-soluciones-web\/\",\"https:\/\/www.youtube.com\/user\/abrimawebs\",\"https:\/\/www.facebook.com\/abrimawebs\/\",\"https:\/\/twitter.com\/abrimaweb\"],\"logo\":{\"@type\":\"ImageObject\",\"inLanguage\":\"es\",\"@id\":\"https:\/\/www.abrima.com\/blog\/#\/schema\/logo\/image\/\",\"url\":\"https:\/\/www.abrima.com\/blog\/wp-content\/uploads\/2018\/03\/abrima-logo.png\",\"contentUrl\":\"https:\/\/www.abrima.com\/blog\/wp-content\/uploads\/2018\/03\/abrima-logo.png\",\"width\":700,\"height\":700,\"caption\":\"Abrima\"},\"image\":{\"@id\":\"https:\/\/www.abrima.com\/blog\/#\/schema\/logo\/image\/\"}},{\"@type\":\"WebSite\",\"@id\":\"https:\/\/www.abrima.com\/blog\/#website\",\"url\":\"https:\/\/www.abrima.com\/blog\/\",\"name\":\"Blog de Tecnolog\u00eda - Abrima\",\"description\":\"Blog sobre todo lo relacionado con Cloud, Marketing Digital y Web\",\"publisher\":{\"@id\":\"https:\/\/www.abrima.com\/blog\/#organization\"},\"potentialAction\":[{\"@type\":\"SearchAction\",\"target\":{\"@type\":\"EntryPoint\",\"urlTemplate\":\"https:\/\/www.abrima.com\/blog\/?s={search_term_string}\"},\"query-input\":\"required name=search_term_string\"}],\"inLanguage\":\"es\"},{\"@type\":\"ImageObject\",\"inLanguage\":\"es\",\"@id\":\"https:\/\/www.abrima.com\/blog\/estrategias-de-social-media-para-nuestros-eventos\/#primaryimage\",\"url\":\"http:\/\/cdn3.ticbeat.com\/wp-content\/uploads\/2014\/02\/shutterstock_1776335991-590x260.jpg\",\"contentUrl\":\"http:\/\/cdn3.ticbeat.com\/wp-content\/uploads\/2014\/02\/shutterstock_1776335991-590x260.jpg\"},{\"@type\":\"WebPage\",\"@id\":\"https:\/\/www.abrima.com\/blog\/estrategias-de-social-media-para-nuestros-eventos\/#webpage\",\"url\":\"https:\/\/www.abrima.com\/blog\/estrategias-de-social-media-para-nuestros-eventos\/\",\"name\":\"Estrategias de \u2018social media\u2019 para nuestros eventos - Blog de Tecnolog\u00eda - Abrima\",\"isPartOf\":{\"@id\":\"https:\/\/www.abrima.com\/blog\/#website\"},\"primaryImageOfPage\":{\"@id\":\"https:\/\/www.abrima.com\/blog\/estrategias-de-social-media-para-nuestros-eventos\/#primaryimage\"},\"datePublished\":\"2014-02-24T22:13:23+00:00\",\"dateModified\":\"2014-02-24T22:13:23+00:00\",\"breadcrumb\":{\"@id\":\"https:\/\/www.abrima.com\/blog\/estrategias-de-social-media-para-nuestros-eventos\/#breadcrumb\"},\"inLanguage\":\"es\",\"potentialAction\":[{\"@type\":\"ReadAction\",\"target\":[\"https:\/\/www.abrima.com\/blog\/estrategias-de-social-media-para-nuestros-eventos\/\"]}]},{\"@type\":\"BreadcrumbList\",\"@id\":\"https:\/\/www.abrima.com\/blog\/estrategias-de-social-media-para-nuestros-eventos\/#breadcrumb\",\"itemListElement\":[{\"@type\":\"ListItem\",\"position\":1,\"name\":\"Portada\",\"item\":\"https:\/\/www.abrima.com\/blog\/\"},{\"@type\":\"ListItem\",\"position\":2,\"name\":\"Estrategias de \u2018social media\u2019 para nuestros eventos\"}]},{\"@type\":\"Article\",\"@id\":\"https:\/\/www.abrima.com\/blog\/estrategias-de-social-media-para-nuestros-eventos\/#article\",\"isPartOf\":{\"@id\":\"https:\/\/www.abrima.com\/blog\/estrategias-de-social-media-para-nuestros-eventos\/#webpage\"},\"author\":{\"@id\":\"https:\/\/www.abrima.com\/blog\/#\/schema\/person\/b768d5411164cb8b8d58f72cdf4e11e8\"},\"headline\":\"Estrategias de \u2018social media\u2019 para nuestros eventos\",\"datePublished\":\"2014-02-24T22:13:23+00:00\",\"dateModified\":\"2014-02-24T22:13:23+00:00\",\"mainEntityOfPage\":{\"@id\":\"https:\/\/www.abrima.com\/blog\/estrategias-de-social-media-para-nuestros-eventos\/#webpage\"},\"wordCount\":574,\"commentCount\":0,\"publisher\":{\"@id\":\"https:\/\/www.abrima.com\/blog\/#organization\"},\"image\":{\"@id\":\"https:\/\/www.abrima.com\/blog\/estrategias-de-social-media-para-nuestros-eventos\/#primaryimage\"},\"thumbnailUrl\":\"http:\/\/cdn3.ticbeat.com\/wp-content\/uploads\/2014\/02\/shutterstock_1776335991-590x260.jpg\",\"articleSection\":[\"Redes Sociales\"],\"inLanguage\":\"es\",\"potentialAction\":[{\"@type\":\"CommentAction\",\"name\":\"Comment\",\"target\":[\"https:\/\/www.abrima.com\/blog\/estrategias-de-social-media-para-nuestros-eventos\/#respond\"]}]},{\"@type\":\"Person\",\"@id\":\"https:\/\/www.abrima.com\/blog\/#\/schema\/person\/b768d5411164cb8b8d58f72cdf4e11e8\",\"name\":\"Abrima\",\"image\":{\"@type\":\"ImageObject\",\"inLanguage\":\"es\",\"@id\":\"https:\/\/www.abrima.com\/blog\/#\/schema\/person\/image\/\",\"url\":\"https:\/\/secure.gravatar.com\/avatar\/5cc72c9c6b371583c943a070dff20409?s=96&d=mm&r=g\",\"contentUrl\":\"https:\/\/secure.gravatar.com\/avatar\/5cc72c9c6b371583c943a070dff20409?s=96&d=mm&r=g\",\"caption\":\"Abrima\"},\"url\":\"https:\/\/www.abrima.com\/blog\/author\/abrima\/\"}]}<\/script>\n<!-- \/ Yoast SEO plugin. -->","yoast_head_json":{"title":"Estrategias de \u2018social media\u2019 para nuestros eventos - Blog de Tecnolog\u00eda - Abrima","robots":{"index":"index","follow":"follow","max-snippet":"max-snippet:-1","max-image-preview":"max-image-preview:large","max-video-preview":"max-video-preview:-1"},"canonical":"https:\/\/www.abrima.com\/blog\/estrategias-de-social-media-para-nuestros-eventos\/","og_locale":"es_ES","og_type":"article","og_title":"Estrategias de \u2018social media\u2019 para nuestros eventos - Blog de Tecnolog\u00eda - Abrima","og_description":"Cualquier tipo de evento es, por su propia naturaleza, un asunto social: la gente desea conectarse, interactuar y compartir con los dem\u00e1s. Y esto se [&hellip;]","og_url":"https:\/\/www.abrima.com\/blog\/estrategias-de-social-media-para-nuestros-eventos\/","og_site_name":"Blog de Tecnolog\u00eda - Abrima","article_publisher":"https:\/\/www.facebook.com\/abrimawebs\/","article_published_time":"2014-02-24T22:13:23+00:00","og_image":[{"url":"http:\/\/cdn3.ticbeat.com\/wp-content\/uploads\/2014\/02\/shutterstock_1776335991-590x260.jpg"}],"twitter_misc":{"Escrito por":"Abrima","Tiempo de lectura":"3 minutos"},"schema":{"@context":"https:\/\/schema.org","@graph":[{"@type":"Organization","@id":"https:\/\/www.abrima.com\/blog\/#organization","name":"Abrima","url":"https:\/\/www.abrima.com\/blog\/","sameAs":["https:\/\/www.linkedin.com\/company\/abrima-soluciones-web\/","https:\/\/www.youtube.com\/user\/abrimawebs","https:\/\/www.facebook.com\/abrimawebs\/","https:\/\/twitter.com\/abrimaweb"],"logo":{"@type":"ImageObject","inLanguage":"es","@id":"https:\/\/www.abrima.com\/blog\/#\/schema\/logo\/image\/","url":"https:\/\/www.abrima.com\/blog\/wp-content\/uploads\/2018\/03\/abrima-logo.png","contentUrl":"https:\/\/www.abrima.com\/blog\/wp-content\/uploads\/2018\/03\/abrima-logo.png","width":700,"height":700,"caption":"Abrima"},"image":{"@id":"https:\/\/www.abrima.com\/blog\/#\/schema\/logo\/image\/"}},{"@type":"WebSite","@id":"https:\/\/www.abrima.com\/blog\/#website","url":"https:\/\/www.abrima.com\/blog\/","name":"Blog de Tecnolog\u00eda - Abrima","description":"Blog sobre todo lo relacionado con Cloud, Marketing Digital y Web","publisher":{"@id":"https:\/\/www.abrima.com\/blog\/#organization"},"potentialAction":[{"@type":"SearchAction","target":{"@type":"EntryPoint","urlTemplate":"https:\/\/www.abrima.com\/blog\/?s={search_term_string}"},"query-input":"required name=search_term_string"}],"inLanguage":"es"},{"@type":"ImageObject","inLanguage":"es","@id":"https:\/\/www.abrima.com\/blog\/estrategias-de-social-media-para-nuestros-eventos\/#primaryimage","url":"http:\/\/cdn3.ticbeat.com\/wp-content\/uploads\/2014\/02\/shutterstock_1776335991-590x260.jpg","contentUrl":"http:\/\/cdn3.ticbeat.com\/wp-content\/uploads\/2014\/02\/shutterstock_1776335991-590x260.jpg"},{"@type":"WebPage","@id":"https:\/\/www.abrima.com\/blog\/estrategias-de-social-media-para-nuestros-eventos\/#webpage","url":"https:\/\/www.abrima.com\/blog\/estrategias-de-social-media-para-nuestros-eventos\/","name":"Estrategias de \u2018social media\u2019 para nuestros eventos - Blog de Tecnolog\u00eda - Abrima","isPartOf":{"@id":"https:\/\/www.abrima.com\/blog\/#website"},"primaryImageOfPage":{"@id":"https:\/\/www.abrima.com\/blog\/estrategias-de-social-media-para-nuestros-eventos\/#primaryimage"},"datePublished":"2014-02-24T22:13:23+00:00","dateModified":"2014-02-24T22:13:23+00:00","breadcrumb":{"@id":"https:\/\/www.abrima.com\/blog\/estrategias-de-social-media-para-nuestros-eventos\/#breadcrumb"},"inLanguage":"es","potentialAction":[{"@type":"ReadAction","target":["https:\/\/www.abrima.com\/blog\/estrategias-de-social-media-para-nuestros-eventos\/"]}]},{"@type":"BreadcrumbList","@id":"https:\/\/www.abrima.com\/blog\/estrategias-de-social-media-para-nuestros-eventos\/#breadcrumb","itemListElement":[{"@type":"ListItem","position":1,"name":"Portada","item":"https:\/\/www.abrima.com\/blog\/"},{"@type":"ListItem","position":2,"name":"Estrategias de \u2018social media\u2019 para nuestros eventos"}]},{"@type":"Article","@id":"https:\/\/www.abrima.com\/blog\/estrategias-de-social-media-para-nuestros-eventos\/#article","isPartOf":{"@id":"https:\/\/www.abrima.com\/blog\/estrategias-de-social-media-para-nuestros-eventos\/#webpage"},"author":{"@id":"https:\/\/www.abrima.com\/blog\/#\/schema\/person\/b768d5411164cb8b8d58f72cdf4e11e8"},"headline":"Estrategias de \u2018social media\u2019 para nuestros eventos","datePublished":"2014-02-24T22:13:23+00:00","dateModified":"2014-02-24T22:13:23+00:00","mainEntityOfPage":{"@id":"https:\/\/www.abrima.com\/blog\/estrategias-de-social-media-para-nuestros-eventos\/#webpage"},"wordCount":574,"commentCount":0,"publisher":{"@id":"https:\/\/www.abrima.com\/blog\/#organization"},"image":{"@id":"https:\/\/www.abrima.com\/blog\/estrategias-de-social-media-para-nuestros-eventos\/#primaryimage"},"thumbnailUrl":"http:\/\/cdn3.ticbeat.com\/wp-content\/uploads\/2014\/02\/shutterstock_1776335991-590x260.jpg","articleSection":["Redes Sociales"],"inLanguage":"es","potentialAction":[{"@type":"CommentAction","name":"Comment","target":["https:\/\/www.abrima.com\/blog\/estrategias-de-social-media-para-nuestros-eventos\/#respond"]}]},{"@type":"Person","@id":"https:\/\/www.abrima.com\/blog\/#\/schema\/person\/b768d5411164cb8b8d58f72cdf4e11e8","name":"Abrima","image":{"@type":"ImageObject","inLanguage":"es","@id":"https:\/\/www.abrima.com\/blog\/#\/schema\/person\/image\/","url":"https:\/\/secure.gravatar.com\/avatar\/5cc72c9c6b371583c943a070dff20409?s=96&d=mm&r=g","contentUrl":"https:\/\/secure.gravatar.com\/avatar\/5cc72c9c6b371583c943a070dff20409?s=96&d=mm&r=g","caption":"Abrima"},"url":"https:\/\/www.abrima.com\/blog\/author\/abrima\/"}]}},"amp_enabled":true,"_links":{"self":[{"href":"https:\/\/www.abrima.com\/blog\/wp-json\/wp\/v2\/posts\/1191"}],"collection":[{"href":"https:\/\/www.abrima.com\/blog\/wp-json\/wp\/v2\/posts"}],"about":[{"href":"https:\/\/www.abrima.com\/blog\/wp-json\/wp\/v2\/types\/post"}],"author":[{"embeddable":true,"href":"https:\/\/www.abrima.com\/blog\/wp-json\/wp\/v2\/users\/1"}],"replies":[{"embeddable":true,"href":"https:\/\/www.abrima.com\/blog\/wp-json\/wp\/v2\/comments?post=1191"}],"version-history":[{"count":2,"href":"https:\/\/www.abrima.com\/blog\/wp-json\/wp\/v2\/posts\/1191\/revisions"}],"predecessor-version":[{"id":1193,"href":"https:\/\/www.abrima.com\/blog\/wp-json\/wp\/v2\/posts\/1191\/revisions\/1193"}],"wp:attachment":[{"href":"https:\/\/www.abrima.com\/blog\/wp-json\/wp\/v2\/media?parent=1191"}],"wp:term":[{"taxonomy":"category","embeddable":true,"href":"https:\/\/www.abrima.com\/blog\/wp-json\/wp\/v2\/categories?post=1191"},{"taxonomy":"post_tag","embeddable":true,"href":"https:\/\/www.abrima.com\/blog\/wp-json\/wp\/v2\/tags?post=1191"}],"curies":[{"name":"wp","href":"https:\/\/api.w.org\/{rel}","templated":true}]}}